{"id":3805,"date":"2021-01-21T11:02:57","date_gmt":"2021-01-21T11:02:57","guid":{"rendered":"https:\/\/www.daldewolf.com\/?p=3805"},"modified":"2021-05-21T19:10:11","modified_gmt":"2021-05-21T19:10:11","slug":"onderaanneming-in-de-democratische-republiek-congo","status":"publish","type":"post","link":"https:\/\/www.daldewolf.com\/nl\/onderaanneming-in-de-democratische-republiek-congo\/","title":{"rendered":"Onderaanneming in de Democratische Republiek van Congo"},"content":{"rendered":"<p>Romain Battajon et Arnaud Tshibangu Mukendi, \u00ab Le r\u00e9gime l\u00e9gal de la sous-traitance dans le secteur priv\u00e9 en R\u00e9publique d\u00e9mocratique du Congo \u00bb, 21 januari 2021<\/p>\n<p><a href=\"https:\/\/www.daldewolf.com\/wp-content\/uploads\/2021\/05\/Re\u0301gime-legal-de-la-sous-traitance-dans-le-secteur-prive\u0301-en-RDC.pdf\">Download het memo\u00a0<\/a><\/p>\n<p><img loading=\"lazy\" decoding=\"async\" class=\"alignnone wp-image-2588 alignleft\" src=\"https:\/\/www.daldewolf.com\/wp-content\/uploads\/2020\/05\/BATTAJON-Romain-300x200.jpg\" alt=\"\" width=\"201\" height=\"134\" srcset=\"https:\/\/www.daldewolf.com\/wp-content\/uploads\/2020\/05\/BATTAJON-Romain-300x200.jpg 300w, https:\/\/www.daldewolf.com\/wp-content\/uploads\/2020\/05\/BATTAJON-Romain-1024x683.jpg 1024w, https:\/\/www.daldewolf.com\/wp-content\/uploads\/2020\/05\/BATTAJON-Romain-391x260.jpg 391w\" sizes=\"auto, (max-width: 201px) 100vw, 201px\" \/><\/p>\n<p><img loading=\"lazy\" decoding=\"async\" class=\"alignnone wp-image-2927 alignleft\" src=\"https:\/\/www.daldewolf.com\/wp-content\/uploads\/2020\/05\/TSHIBANGU-Arnaud-300x200.jpg\" alt=\"\" width=\"200\" height=\"133\" srcset=\"https:\/\/www.daldewolf.com\/wp-content\/uploads\/2020\/05\/TSHIBANGU-Arnaud-300x200.jpg 300w, https:\/\/www.daldewolf.com\/wp-content\/uploads\/2020\/05\/TSHIBANGU-Arnaud-391x260.jpg 391w, https:\/\/www.daldewolf.com\/wp-content\/uploads\/2020\/05\/TSHIBANGU-Arnaud.jpg 779w\" sizes=\"auto, (max-width: 200px) 100vw, 200px\" \/><\/p>\n<p>&nbsp;<\/p>\n<p>&nbsp;<\/p>\n<p>&nbsp;<\/p>\n<p>&nbsp;<\/p>\n","protected":false},"excerpt":{"rendered":"<p>Romain Battajon et Arnaud Tshibangu Mukendi, \u00ab Le r\u00e9gime l\u00e9gal de la sous-traitance dans le secteur priv\u00e9 en R\u00e9publique d\u00e9mocratique du Congo \u00bb, 21 januari 2021 Download het memo\u00a0 &nbsp; &nbsp; &nbsp; &nbsp;<\/p>\n","protected":false},"author":4,"featured_media":0,"comment_status":"closed","ping_status":"closed","sticky":false,"template":"","format":"standard","meta":{"_acf_changed":false,"footnotes":""},"categories":[164,166],"tags":[],"class_list":["post-3805","post","type-post","status-publish","format-standard","hentry","category-knowhow-nl","category-news-nl"],"acf":[],"yoast_head":"<!-- This site is optimized with the Yoast SEO plugin v27.4 - https:\/\/yoast.com\/product\/yoast-seo-wordpress\/ -->\n<title>Onderaanneming in de Democratische Republiek van Congo - DALDEWOLF<\/title>\n<meta name=\"robots\" content=\"index, follow, max-snippet:-1, max-image-preview:large, max-video-preview:-1\" \/>\n<link rel=\"canonical\" href=\"https:\/\/www.daldewolf.com\/en\/subcontracting-in-the-democratic-republic-of-congo\/\" \/>\n<meta property=\"og:locale\" content=\"nl_NL\" \/>\n<meta property=\"og:type\" content=\"article\" \/>\n<meta property=\"og:title\" content=\"Onderaanneming in de Democratische Republiek van Congo - DALDEWOLF\" \/>\n<meta property=\"og:description\" content=\"Romain Battajon et Arnaud Tshibangu Mukendi, \u00ab Le r\u00e9gime l\u00e9gal de la sous-traitance dans le secteur priv\u00e9 en R\u00e9publique d\u00e9mocratique du Congo \u00bb, 21 januari 2021 Download het memo\u00a0 &nbsp; &nbsp; &nbsp; &nbsp;\" \/>\n<meta property=\"og:url\" content=\"https:\/\/www.daldewolf.com\/en\/subcontracting-in-the-democratic-republic-of-congo\/\" \/>\n<meta property=\"og:site_name\" content=\"DALDEWOLF\" \/>\n<meta property=\"article:published_time\" content=\"2021-01-21T11:02:57+00:00\" \/>\n<meta property=\"article:modified_time\" content=\"2021-05-21T19:10:11+00:00\" \/>\n<meta property=\"og:image\" content=\"https:\/\/www.daldewolf.com\/wp-content\/uploads\/2020\/05\/BATTAJON-Romain-300x200.jpg\" \/>\n<meta name=\"author\" content=\"daldewolf-admin\" \/>\n<meta name=\"twitter:card\" content=\"summary_large_image\" \/>\n<meta name=\"twitter:label1\" content=\"Geschreven door\" \/>\n\t<meta name=\"twitter:data1\" content=\"daldewolf-admin\" \/>\n\t<meta name=\"twitter:label2\" content=\"Geschatte leestijd\" \/>\n\t<meta name=\"twitter:data2\" content=\"1 minuut\" \/>\n<script type=\"application\/ld+json\" class=\"yoast-schema-graph\">{\"@context\":\"https:\\\/\\\/schema.org\",\"@graph\":[{\"@type\":\"Article\",\"@id\":\"https:\\\/\\\/www.daldewolf.com\\\/en\\\/subcontracting-in-the-democratic-republic-of-congo\\\/#article\",\"isPartOf\":{\"@id\":\"https:\\\/\\\/www.daldewolf.com\\\/en\\\/subcontracting-in-the-democratic-republic-of-congo\\\/\"},\"author\":{\"name\":\"daldewolf-admin\",\"@id\":\"https:\\\/\\\/www.daldewolf.com\\\/nl\\\/#\\\/schema\\\/person\\\/2b729bb994cea798211b29fbabbbac1e\"},\"headline\":\"Onderaanneming in de Democratische Republiek van Congo\",\"datePublished\":\"2021-01-21T11:02:57+00:00\",\"dateModified\":\"2021-05-21T19:10:11+00:00\",\"mainEntityOfPage\":{\"@id\":\"https:\\\/\\\/www.daldewolf.com\\\/en\\\/subcontracting-in-the-democratic-republic-of-congo\\\/\"},\"wordCount\":40,\"publisher\":{\"@id\":\"https:\\\/\\\/www.daldewolf.com\\\/nl\\\/#organization\"},\"image\":{\"@id\":\"https:\\\/\\\/www.daldewolf.com\\\/en\\\/subcontracting-in-the-democratic-republic-of-congo\\\/#primaryimage\"},\"thumbnailUrl\":\"https:\\\/\\\/www.daldewolf.com\\\/wp-content\\\/uploads\\\/2020\\\/05\\\/BATTAJON-Romain-300x200.jpg\",\"articleSection\":[\"knowhow\",\"news\"],\"inLanguage\":\"nl-NL\"},{\"@type\":\"WebPage\",\"@id\":\"https:\\\/\\\/www.daldewolf.com\\\/en\\\/subcontracting-in-the-democratic-republic-of-congo\\\/\",\"url\":\"https:\\\/\\\/www.daldewolf.com\\\/en\\\/subcontracting-in-the-democratic-republic-of-congo\\\/\",\"name\":\"Onderaanneming in de Democratische Republiek van Congo - DALDEWOLF\",\"isPartOf\":{\"@id\":\"https:\\\/\\\/www.daldewolf.com\\\/nl\\\/#website\"},\"primaryImageOfPage\":{\"@id\":\"https:\\\/\\\/www.daldewolf.com\\\/en\\\/subcontracting-in-the-democratic-republic-of-congo\\\/#primaryimage\"},\"image\":{\"@id\":\"https:\\\/\\\/www.daldewolf.com\\\/en\\\/subcontracting-in-the-democratic-republic-of-congo\\\/#primaryimage\"},\"thumbnailUrl\":\"https:\\\/\\\/www.daldewolf.com\\\/wp-content\\\/uploads\\\/2020\\\/05\\\/BATTAJON-Romain-300x200.jpg\",\"datePublished\":\"2021-01-21T11:02:57+00:00\",\"dateModified\":\"2021-05-21T19:10:11+00:00\",\"breadcrumb\":{\"@id\":\"https:\\\/\\\/www.daldewolf.com\\\/en\\\/subcontracting-in-the-democratic-republic-of-congo\\\/#breadcrumb\"},\"inLanguage\":\"nl-NL\",\"potentialAction\":[{\"@type\":\"ReadAction\",\"target\":[\"https:\\\/\\\/www.daldewolf.com\\\/en\\\/subcontracting-in-the-democratic-republic-of-congo\\\/\"]}]},{\"@type\":\"ImageObject\",\"inLanguage\":\"nl-NL\",\"@id\":\"https:\\\/\\\/www.daldewolf.com\\\/en\\\/subcontracting-in-the-democratic-republic-of-congo\\\/#primaryimage\",\"url\":\"https:\\\/\\\/www.daldewolf.com\\\/wp-content\\\/uploads\\\/2020\\\/05\\\/BATTAJON-Romain-300x200.jpg\",\"contentUrl\":\"https:\\\/\\\/www.daldewolf.com\\\/wp-content\\\/uploads\\\/2020\\\/05\\\/BATTAJON-Romain-300x200.jpg\"},{\"@type\":\"BreadcrumbList\",\"@id\":\"https:\\\/\\\/www.daldewolf.com\\\/en\\\/subcontracting-in-the-democratic-republic-of-congo\\\/#breadcrumb\",\"itemListElement\":[{\"@type\":\"ListItem\",\"position\":1,\"name\":\"Home\",\"item\":\"https:\\\/\\\/www.daldewolf.com\\\/nl\\\/\"},{\"@type\":\"ListItem\",\"position\":2,\"name\":\"Onderaanneming in de Democratische Republiek van Congo\"}]},{\"@type\":\"WebSite\",\"@id\":\"https:\\\/\\\/www.daldewolf.com\\\/nl\\\/#website\",\"url\":\"https:\\\/\\\/www.daldewolf.com\\\/nl\\\/\",\"name\":\"DALDEWOLF\",\"description\":\"Independant Law firm, Since 1958.\",\"publisher\":{\"@id\":\"https:\\\/\\\/www.daldewolf.com\\\/nl\\\/#organization\"},\"potentialAction\":[{\"@type\":\"SearchAction\",\"target\":{\"@type\":\"EntryPoint\",\"urlTemplate\":\"https:\\\/\\\/www.daldewolf.com\\\/nl\\\/?s={search_term_string}\"},\"query-input\":{\"@type\":\"PropertyValueSpecification\",\"valueRequired\":true,\"valueName\":\"search_term_string\"}}],\"inLanguage\":\"nl-NL\"},{\"@type\":\"Organization\",\"@id\":\"https:\\\/\\\/www.daldewolf.com\\\/nl\\\/#organization\",\"name\":\"DALDEWOLF\",\"url\":\"https:\\\/\\\/www.daldewolf.com\\\/nl\\\/\",\"logo\":{\"@type\":\"ImageObject\",\"inLanguage\":\"nl-NL\",\"@id\":\"https:\\\/\\\/www.daldewolf.com\\\/nl\\\/#\\\/schema\\\/logo\\\/image\\\/\",\"url\":\"https:\\\/\\\/www.daldewolf.com\\\/wp-content\\\/uploads\\\/2020\\\/05\\\/Logo-Daldewolf.png\",\"contentUrl\":\"https:\\\/\\\/www.daldewolf.com\\\/wp-content\\\/uploads\\\/2020\\\/05\\\/Logo-Daldewolf.png\",\"width\":320,\"height\":40,\"caption\":\"DALDEWOLF\"},\"image\":{\"@id\":\"https:\\\/\\\/www.daldewolf.com\\\/nl\\\/#\\\/schema\\\/logo\\\/image\\\/\"},\"sameAs\":[\"https:\\\/\\\/www.linkedin.com\\\/company\\\/10193320\"]},{\"@type\":\"Person\",\"@id\":\"https:\\\/\\\/www.daldewolf.com\\\/nl\\\/#\\\/schema\\\/person\\\/2b729bb994cea798211b29fbabbbac1e\",\"name\":\"daldewolf-admin\",\"image\":{\"@type\":\"ImageObject\",\"inLanguage\":\"nl-NL\",\"@id\":\"https:\\\/\\\/secure.gravatar.com\\\/avatar\\\/752e94ee65450d9bac4adf789cbc1dfd0a1cca5f51532f1c021a33c89eb4bbaf?s=96&d=mm&r=g\",\"url\":\"https:\\\/\\\/secure.gravatar.com\\\/avatar\\\/752e94ee65450d9bac4adf789cbc1dfd0a1cca5f51532f1c021a33c89eb4bbaf?s=96&d=mm&r=g\",\"contentUrl\":\"https:\\\/\\\/secure.gravatar.com\\\/avatar\\\/752e94ee65450d9bac4adf789cbc1dfd0a1cca5f51532f1c021a33c89eb4bbaf?s=96&d=mm&r=g\",\"caption\":\"daldewolf-admin\"},\"url\":\"https:\\\/\\\/www.daldewolf.com\\\/nl\\\/author\\\/daldewolf-admin\\\/\"}]}<\/script>\n<!-- \/ Yoast SEO plugin. -->","yoast_head_json":{"title":"Onderaanneming in de Democratische Republiek van Congo - DALDEWOLF","robots":{"index":"index","follow":"follow","max-snippet":"max-snippet:-1","max-image-preview":"max-image-preview:large","max-video-preview":"max-video-preview:-1"},"canonical":"https:\/\/www.daldewolf.com\/en\/subcontracting-in-the-democratic-republic-of-congo\/","og_locale":"nl_NL","og_type":"article","og_title":"Onderaanneming in de Democratische Republiek van Congo - DALDEWOLF","og_description":"Romain Battajon et Arnaud Tshibangu Mukendi, \u00ab Le r\u00e9gime l\u00e9gal de la sous-traitance dans le secteur priv\u00e9 en R\u00e9publique d\u00e9mocratique du Congo \u00bb, 21 januari 2021 Download het memo\u00a0 &nbsp; &nbsp; &nbsp; &nbsp;","og_url":"https:\/\/www.daldewolf.com\/en\/subcontracting-in-the-democratic-republic-of-congo\/","og_site_name":"DALDEWOLF","article_published_time":"2021-01-21T11:02:57+00:00","article_modified_time":"2021-05-21T19:10:11+00:00","og_image":[{"url":"https:\/\/www.daldewolf.com\/wp-content\/uploads\/2020\/05\/BATTAJON-Romain-300x200.jpg","type":"","width":"","height":""}],"author":"daldewolf-admin","twitter_card":"summary_large_image","twitter_misc":{"Geschreven door":"daldewolf-admin","Geschatte leestijd":"1 minuut"},"schema":{"@context":"https:\/\/schema.org","@graph":[{"@type":"Article","@id":"https:\/\/www.daldewolf.com\/en\/subcontracting-in-the-democratic-republic-of-congo\/#article","isPartOf":{"@id":"https:\/\/www.daldewolf.com\/en\/subcontracting-in-the-democratic-republic-of-congo\/"},"author":{"name":"daldewolf-admin","@id":"https:\/\/www.daldewolf.com\/nl\/#\/schema\/person\/2b729bb994cea798211b29fbabbbac1e"},"headline":"Onderaanneming in de Democratische Republiek van Congo","datePublished":"2021-01-21T11:02:57+00:00","dateModified":"2021-05-21T19:10:11+00:00","mainEntityOfPage":{"@id":"https:\/\/www.daldewolf.com\/en\/subcontracting-in-the-democratic-republic-of-congo\/"},"wordCount":40,"publisher":{"@id":"https:\/\/www.daldewolf.com\/nl\/#organization"},"image":{"@id":"https:\/\/www.daldewolf.com\/en\/subcontracting-in-the-democratic-republic-of-congo\/#primaryimage"},"thumbnailUrl":"https:\/\/www.daldewolf.com\/wp-content\/uploads\/2020\/05\/BATTAJON-Romain-300x200.jpg","articleSection":["knowhow","news"],"inLanguage":"nl-NL"},{"@type":"WebPage","@id":"https:\/\/www.daldewolf.com\/en\/subcontracting-in-the-democratic-republic-of-congo\/","url":"https:\/\/www.daldewolf.com\/en\/subcontracting-in-the-democratic-republic-of-congo\/","name":"Onderaanneming in de Democratische Republiek van Congo - DALDEWOLF","isPartOf":{"@id":"https:\/\/www.daldewolf.com\/nl\/#website"},"primaryImageOfPage":{"@id":"https:\/\/www.daldewolf.com\/en\/subcontracting-in-the-democratic-republic-of-congo\/#primaryimage"},"image":{"@id":"https:\/\/www.daldewolf.com\/en\/subcontracting-in-the-democratic-republic-of-congo\/#primaryimage"},"thumbnailUrl":"https:\/\/www.daldewolf.com\/wp-content\/uploads\/2020\/05\/BATTAJON-Romain-300x200.jpg","datePublished":"2021-01-21T11:02:57+00:00","dateModified":"2021-05-21T19:10:11+00:00","breadcrumb":{"@id":"https:\/\/www.daldewolf.com\/en\/subcontracting-in-the-democratic-republic-of-congo\/#breadcrumb"},"inLanguage":"nl-NL","potentialAction":[{"@type":"ReadAction","target":["https:\/\/www.daldewolf.com\/en\/subcontracting-in-the-democratic-republic-of-congo\/"]}]},{"@type":"ImageObject","inLanguage":"nl-NL","@id":"https:\/\/www.daldewolf.com\/en\/subcontracting-in-the-democratic-republic-of-congo\/#primaryimage","url":"https:\/\/www.daldewolf.com\/wp-content\/uploads\/2020\/05\/BATTAJON-Romain-300x200.jpg","contentUrl":"https:\/\/www.daldewolf.com\/wp-content\/uploads\/2020\/05\/BATTAJON-Romain-300x200.jpg"},{"@type":"BreadcrumbList","@id":"https:\/\/www.daldewolf.com\/en\/subcontracting-in-the-democratic-republic-of-congo\/#breadcrumb","itemListElement":[{"@type":"ListItem","position":1,"name":"Home","item":"https:\/\/www.daldewolf.com\/nl\/"},{"@type":"ListItem","position":2,"name":"Onderaanneming in de Democratische Republiek van Congo"}]},{"@type":"WebSite","@id":"https:\/\/www.daldewolf.com\/nl\/#website","url":"https:\/\/www.daldewolf.com\/nl\/","name":"DALDEWOLF","description":"Independant Law firm, Since 1958.","publisher":{"@id":"https:\/\/www.daldewolf.com\/nl\/#organization"},"potentialAction":[{"@type":"SearchAction","target":{"@type":"EntryPoint","urlTemplate":"https:\/\/www.daldewolf.com\/nl\/?s={search_term_string}"},"query-input":{"@type":"PropertyValueSpecification","valueRequired":true,"valueName":"search_term_string"}}],"inLanguage":"nl-NL"},{"@type":"Organization","@id":"https:\/\/www.daldewolf.com\/nl\/#organization","name":"DALDEWOLF","url":"https:\/\/www.daldewolf.com\/nl\/","logo":{"@type":"ImageObject","inLanguage":"nl-NL","@id":"https:\/\/www.daldewolf.com\/nl\/#\/schema\/logo\/image\/","url":"https:\/\/www.daldewolf.com\/wp-content\/uploads\/2020\/05\/Logo-Daldewolf.png","contentUrl":"https:\/\/www.daldewolf.com\/wp-content\/uploads\/2020\/05\/Logo-Daldewolf.png","width":320,"height":40,"caption":"DALDEWOLF"},"image":{"@id":"https:\/\/www.daldewolf.com\/nl\/#\/schema\/logo\/image\/"},"sameAs":["https:\/\/www.linkedin.com\/company\/10193320"]},{"@type":"Person","@id":"https:\/\/www.daldewolf.com\/nl\/#\/schema\/person\/2b729bb994cea798211b29fbabbbac1e","name":"daldewolf-admin","image":{"@type":"ImageObject","inLanguage":"nl-NL","@id":"https:\/\/secure.gravatar.com\/avatar\/752e94ee65450d9bac4adf789cbc1dfd0a1cca5f51532f1c021a33c89eb4bbaf?s=96&d=mm&r=g","url":"https:\/\/secure.gravatar.com\/avatar\/752e94ee65450d9bac4adf789cbc1dfd0a1cca5f51532f1c021a33c89eb4bbaf?s=96&d=mm&r=g","contentUrl":"https:\/\/secure.gravatar.com\/avatar\/752e94ee65450d9bac4adf789cbc1dfd0a1cca5f51532f1c021a33c89eb4bbaf?s=96&d=mm&r=g","caption":"daldewolf-admin"},"url":"https:\/\/www.daldewolf.com\/nl\/author\/daldewolf-admin\/"}]}},"_links":{"self":[{"href":"https:\/\/www.daldewolf.com\/nl\/wp-json\/wp\/v2\/posts\/3805","targetHints":{"allow":["GET"]}}],"collection":[{"href":"https:\/\/www.daldewolf.com\/nl\/wp-json\/wp\/v2\/posts"}],"about":[{"href":"https:\/\/www.daldewolf.com\/nl\/wp-json\/wp\/v2\/types\/post"}],"author":[{"embeddable":true,"href":"https:\/\/www.daldewolf.com\/nl\/wp-json\/wp\/v2\/users\/4"}],"replies":[{"embeddable":true,"href":"https:\/\/www.daldewolf.com\/nl\/wp-json\/wp\/v2\/comments?post=3805"}],"version-history":[{"count":0,"href":"https:\/\/www.daldewolf.com\/nl\/wp-json\/wp\/v2\/posts\/3805\/revisions"}],"wp:attachment":[{"href":"https:\/\/www.daldewolf.com\/nl\/wp-json\/wp\/v2\/media?parent=3805"}],"wp:term":[{"taxonomy":"category","embeddable":true,"href":"https:\/\/www.daldewolf.com\/nl\/wp-json\/wp\/v2\/categories?post=3805"},{"taxonomy":"post_tag","embeddable":true,"href":"https:\/\/www.daldewolf.com\/nl\/wp-json\/wp\/v2\/tags?post=3805"}],"curies":[{"name":"wp","href":"https:\/\/api.w.org\/{rel}","templated":true}]}}