{"id":9688,"date":"2023-01-11T11:59:56","date_gmt":"2023-01-11T10:59:56","guid":{"rendered":"https:\/\/www.daldewolf.com\/?p=9688"},"modified":"2023-01-11T11:59:56","modified_gmt":"2023-01-11T10:59:56","slug":"daldewolf-nouvelle-direction-a-kinshasa","status":"publish","type":"post","link":"https:\/\/www.daldewolf.com\/fr\/daldewolf-nouvelle-direction-a-kinshasa\/","title":{"rendered":"DALDEWOLF: Nouvelle direction \u00e0 Kinshasa"},"content":{"rendered":"<p><strong>Le bureau de Kinshasa, \u00e9tabli en janvier 2018, a \u00e9t\u00e9 g\u00e9r\u00e9 par Romain Battajon jusqu\u2019au d\u00e9but de cette ann\u00e9e 2023, en collaboration avec une \u00e9quipe talentueuse qu\u2019il a contribu\u00e9 \u00e0 mettre en place. Romain Battajon a d\u00e9cid\u00e9 de rejoindre le groupe minier ERG en qualit\u00e9 de general counsel Afrique et cessera donc ses fonctions au sein de DALDEWOLF, \u00e0 partir du 20 janvier 2023.<\/strong><\/p>\n<p><img loading=\"lazy\" decoding=\"async\" class=\"size-thumblist wp-image-9689 alignright\" src=\"https:\/\/www.daldewolf.com\/wp-content\/uploads\/2023\/01\/20230111-DDW-RDC-new-management-300x300.png\" alt=\"\" width=\"300\" height=\"300\" srcset=\"https:\/\/www.daldewolf.com\/wp-content\/uploads\/2023\/01\/20230111-DDW-RDC-new-management-300x300.png 300w, https:\/\/www.daldewolf.com\/wp-content\/uploads\/2023\/01\/20230111-DDW-RDC-new-management-150x150.png 150w, https:\/\/www.daldewolf.com\/wp-content\/uploads\/2023\/01\/20230111-DDW-RDC-new-management-600x600.png 600w, https:\/\/www.daldewolf.com\/wp-content\/uploads\/2023\/01\/20230111-DDW-RDC-new-management.png 853w\" sizes=\"auto, (max-width: 300px) 100vw, 300px\" \/>La direction op\u00e9rationnelle du bureau de Kinshasa est d\u00e9sormais assur\u00e9e par <a href=\"https:\/\/www.daldewolf.com\/equipe\/patrick-de-wolf\/\" target=\"_blank\" rel=\"noopener\">Patrick De Wolf<\/a>.<\/p>\n<p>Il peut s\u2019appuyer sur une \u00e9quipe forte d\u2019une dizaine d\u2019avocats travaillant dans le bureau de Kinshasa, parmi lesquels on compte les avocats Val\u00e9ry-Giscard Mubiala Malela et Gu\u00e9lord Mosau Mbombo, avocats nomm\u00e9s counsels en octobre 2022, qui dirigent respectivement le p\u00f4le \u00ab litiges \u00bb et le p\u00f4le \u00ab conseil \u00bb.<\/p>\n<p>Le bureau fournit une assistance juridique \u00e0 une large client\u00e8le, priv\u00e9e ou publique (multinationales, PME, start-up, ONG, institutions internationales, entit\u00e9s publiques et parapubliques, fonds d\u2019investissement, diaspora africaine en Europe et diaspora europ\u00e9enne en Afrique).<\/p>\n<p>\u00ab <em>Les dossiers des clients du cabinet sont dans de bonnes mains,<\/em> \u00bb assure Patrick De Wolf. Il ajoute que \u00ab <em>l\u2019int\u00e9gration parfaite des comp\u00e9tences et des responsabilit\u00e9s, qui participe de la r\u00e9putation des services du cabinet, permet une transition fluide lorsque des avocats quittent le cabinet<\/em>. \u00bb Il souhaite d\u2019ailleurs \u00e0 Romain \u00ab <em>tout le succ\u00e8s qu\u2019il m\u00e9rite dans sa nouvelle vie professionnelle, apr\u00e8s des ann\u00e9es fructueuses pass\u00e9es ensemble \u00e0 lancer le bureau congolais de DALDEWOLF et \u00e0 en faire un cabinet de r\u00e9f\u00e9rence sur la place de Kinshasa.<\/em> \u00bb<\/p>\n","protected":false},"excerpt":{"rendered":"<p>Le bureau de Kinshasa, \u00e9tabli en janvier 2018, a \u00e9t\u00e9 g\u00e9r\u00e9 par Romain Battajon jusqu\u2019au d\u00e9but de cette ann\u00e9e 2023, en collaboration avec une \u00e9quipe talentueuse qu\u2019il a contribu\u00e9 \u00e0 mettre en place. Romain Battajon a d\u00e9cid\u00e9 de rejoindre le groupe minier ERG en qualit\u00e9 de general counsel Afrique et cessera donc ses fonctions au&#8230;<\/p>\n","protected":false},"author":5,"featured_media":9689,"comment_status":"closed","ping_status":"closed","sticky":false,"template":"","format":"standard","meta":{"_acf_changed":false,"footnotes":""},"categories":[58],"tags":[],"class_list":["post-9688","post","type-post","status-publish","format-standard","has-post-thumbnail","hentry","category-news"],"acf":[],"yoast_head":"<!-- This site is optimized with the Yoast SEO plugin v27.4 - https:\/\/yoast.com\/product\/yoast-seo-wordpress\/ -->\n<title>DALDEWOLF: Nouvelle direction \u00e0 Kinshasa - DALDEWOLF<\/title>\n<meta name=\"description\" content=\"Nouvelle direction \u00e0 Kinshasa pour remplacer Romain Battajon qui cesse ses fonctions au sein de DALDEWOLF \u00e0 partir du 20 janvier 2023.\" \/>\n<meta name=\"robots\" content=\"index, follow, max-snippet:-1, max-image-preview:large, max-video-preview:-1\" \/>\n<link rel=\"canonical\" href=\"https:\/\/www.daldewolf.com\/fr\/daldewolf-nouvelle-direction-a-kinshasa\/\" \/>\n<meta property=\"og:locale\" content=\"fr_FR\" \/>\n<meta property=\"og:type\" content=\"article\" \/>\n<meta property=\"og:title\" content=\"DALDEWOLF: Nouvelle direction \u00e0 Kinshasa - DALDEWOLF\" \/>\n<meta property=\"og:description\" content=\"Nouvelle direction \u00e0 Kinshasa pour remplacer Romain Battajon qui cesse ses fonctions au sein de DALDEWOLF \u00e0 partir du 20 janvier 2023.\" \/>\n<meta property=\"og:url\" content=\"https:\/\/www.daldewolf.com\/fr\/daldewolf-nouvelle-direction-a-kinshasa\/\" \/>\n<meta property=\"og:site_name\" content=\"DALDEWOLF\" \/>\n<meta property=\"article:published_time\" content=\"2023-01-11T10:59:56+00:00\" \/>\n<meta property=\"og:image\" content=\"https:\/\/www.daldewolf.com\/wp-content\/uploads\/2023\/01\/20230111-DDW-RDC-new-management.png\" \/>\n\t<meta property=\"og:image:width\" content=\"853\" \/>\n\t<meta property=\"og:image:height\" content=\"853\" \/>\n\t<meta property=\"og:image:type\" content=\"image\/png\" \/>\n<meta name=\"author\" content=\"Daldewolf-MathieuMaes\" \/>\n<meta name=\"twitter:card\" content=\"summary_large_image\" \/>\n<meta name=\"twitter:label1\" content=\"\u00c9crit par\" \/>\n\t<meta name=\"twitter:data1\" content=\"Daldewolf-MathieuMaes\" \/>\n\t<meta name=\"twitter:label2\" content=\"Dur\u00e9e de lecture estim\u00e9e\" \/>\n\t<meta name=\"twitter:data2\" content=\"2 minutes\" \/>\n<script type=\"application\/ld+json\" class=\"yoast-schema-graph\">{\"@context\":\"https:\\\/\\\/schema.org\",\"@graph\":[{\"@type\":\"Article\",\"@id\":\"https:\\\/\\\/www.daldewolf.com\\\/fr\\\/daldewolf-nouvelle-direction-a-kinshasa\\\/#article\",\"isPartOf\":{\"@id\":\"https:\\\/\\\/www.daldewolf.com\\\/fr\\\/daldewolf-nouvelle-direction-a-kinshasa\\\/\"},\"author\":{\"name\":\"Daldewolf-MathieuMaes\",\"@id\":\"https:\\\/\\\/www.daldewolf.com\\\/nl\\\/#\\\/schema\\\/person\\\/e3f911046ea6ce16d864e88be3452d83\"},\"headline\":\"DALDEWOLF: Nouvelle direction \u00e0 Kinshasa\",\"datePublished\":\"2023-01-11T10:59:56+00:00\",\"mainEntityOfPage\":{\"@id\":\"https:\\\/\\\/www.daldewolf.com\\\/fr\\\/daldewolf-nouvelle-direction-a-kinshasa\\\/\"},\"wordCount\":271,\"publisher\":{\"@id\":\"https:\\\/\\\/www.daldewolf.com\\\/nl\\\/#organization\"},\"image\":{\"@id\":\"https:\\\/\\\/www.daldewolf.com\\\/fr\\\/daldewolf-nouvelle-direction-a-kinshasa\\\/#primaryimage\"},\"thumbnailUrl\":\"https:\\\/\\\/www.daldewolf.com\\\/wp-content\\\/uploads\\\/2023\\\/01\\\/20230111-DDW-RDC-new-management.png\",\"articleSection\":[\"news\"],\"inLanguage\":\"fr-FR\"},{\"@type\":\"WebPage\",\"@id\":\"https:\\\/\\\/www.daldewolf.com\\\/fr\\\/daldewolf-nouvelle-direction-a-kinshasa\\\/\",\"url\":\"https:\\\/\\\/www.daldewolf.com\\\/fr\\\/daldewolf-nouvelle-direction-a-kinshasa\\\/\",\"name\":\"DALDEWOLF: Nouvelle direction \u00e0 Kinshasa - DALDEWOLF\",\"isPartOf\":{\"@id\":\"https:\\\/\\\/www.daldewolf.com\\\/nl\\\/#website\"},\"primaryImageOfPage\":{\"@id\":\"https:\\\/\\\/www.daldewolf.com\\\/fr\\\/daldewolf-nouvelle-direction-a-kinshasa\\\/#primaryimage\"},\"image\":{\"@id\":\"https:\\\/\\\/www.daldewolf.com\\\/fr\\\/daldewolf-nouvelle-direction-a-kinshasa\\\/#primaryimage\"},\"thumbnailUrl\":\"https:\\\/\\\/www.daldewolf.com\\\/wp-content\\\/uploads\\\/2023\\\/01\\\/20230111-DDW-RDC-new-management.png\",\"datePublished\":\"2023-01-11T10:59:56+00:00\",\"description\":\"Nouvelle direction \u00e0 Kinshasa pour remplacer Romain Battajon qui cesse ses fonctions au sein de DALDEWOLF \u00e0 partir du 20 janvier 2023.\",\"breadcrumb\":{\"@id\":\"https:\\\/\\\/www.daldewolf.com\\\/fr\\\/daldewolf-nouvelle-direction-a-kinshasa\\\/#breadcrumb\"},\"inLanguage\":\"fr-FR\",\"potentialAction\":[{\"@type\":\"ReadAction\",\"target\":[\"https:\\\/\\\/www.daldewolf.com\\\/fr\\\/daldewolf-nouvelle-direction-a-kinshasa\\\/\"]}]},{\"@type\":\"ImageObject\",\"inLanguage\":\"fr-FR\",\"@id\":\"https:\\\/\\\/www.daldewolf.com\\\/fr\\\/daldewolf-nouvelle-direction-a-kinshasa\\\/#primaryimage\",\"url\":\"https:\\\/\\\/www.daldewolf.com\\\/wp-content\\\/uploads\\\/2023\\\/01\\\/20230111-DDW-RDC-new-management.png\",\"contentUrl\":\"https:\\\/\\\/www.daldewolf.com\\\/wp-content\\\/uploads\\\/2023\\\/01\\\/20230111-DDW-RDC-new-management.png\",\"width\":853,\"height\":853},{\"@type\":\"BreadcrumbList\",\"@id\":\"https:\\\/\\\/www.daldewolf.com\\\/fr\\\/daldewolf-nouvelle-direction-a-kinshasa\\\/#breadcrumb\",\"itemListElement\":[{\"@type\":\"ListItem\",\"position\":1,\"name\":\"Home\",\"item\":\"https:\\\/\\\/www.daldewolf.com\\\/fr\\\/\"},{\"@type\":\"ListItem\",\"position\":2,\"name\":\"DALDEWOLF: Nouvelle direction \u00e0 Kinshasa\"}]},{\"@type\":\"WebSite\",\"@id\":\"https:\\\/\\\/www.daldewolf.com\\\/nl\\\/#website\",\"url\":\"https:\\\/\\\/www.daldewolf.com\\\/nl\\\/\",\"name\":\"DALDEWOLF\",\"description\":\"Independant Law firm, Since 1958.\",\"publisher\":{\"@id\":\"https:\\\/\\\/www.daldewolf.com\\\/nl\\\/#organization\"},\"potentialAction\":[{\"@type\":\"SearchAction\",\"target\":{\"@type\":\"EntryPoint\",\"urlTemplate\":\"https:\\\/\\\/www.daldewolf.com\\\/nl\\\/?s={search_term_string}\"},\"query-input\":{\"@type\":\"PropertyValueSpecification\",\"valueRequired\":true,\"valueName\":\"search_term_string\"}}],\"inLanguage\":\"fr-FR\"},{\"@type\":\"Organization\",\"@id\":\"https:\\\/\\\/www.daldewolf.com\\\/nl\\\/#organization\",\"name\":\"DALDEWOLF\",\"url\":\"https:\\\/\\\/www.daldewolf.com\\\/nl\\\/\",\"logo\":{\"@type\":\"ImageObject\",\"inLanguage\":\"fr-FR\",\"@id\":\"https:\\\/\\\/www.daldewolf.com\\\/nl\\\/#\\\/schema\\\/logo\\\/image\\\/\",\"url\":\"https:\\\/\\\/www.daldewolf.com\\\/wp-content\\\/uploads\\\/2020\\\/05\\\/Logo-Daldewolf.png\",\"contentUrl\":\"https:\\\/\\\/www.daldewolf.com\\\/wp-content\\\/uploads\\\/2020\\\/05\\\/Logo-Daldewolf.png\",\"width\":320,\"height\":40,\"caption\":\"DALDEWOLF\"},\"image\":{\"@id\":\"https:\\\/\\\/www.daldewolf.com\\\/nl\\\/#\\\/schema\\\/logo\\\/image\\\/\"},\"sameAs\":[\"https:\\\/\\\/www.linkedin.com\\\/company\\\/10193320\"]},{\"@type\":\"Person\",\"@id\":\"https:\\\/\\\/www.daldewolf.com\\\/nl\\\/#\\\/schema\\\/person\\\/e3f911046ea6ce16d864e88be3452d83\",\"name\":\"Daldewolf-MathieuMaes\",\"image\":{\"@type\":\"ImageObject\",\"inLanguage\":\"fr-FR\",\"@id\":\"https:\\\/\\\/secure.gravatar.com\\\/avatar\\\/18f233dd88ab6bb96eecae41ac8cc5e3c24977d2c37825f063d12c83acaf0f69?s=96&d=mm&r=g\",\"url\":\"https:\\\/\\\/secure.gravatar.com\\\/avatar\\\/18f233dd88ab6bb96eecae41ac8cc5e3c24977d2c37825f063d12c83acaf0f69?s=96&d=mm&r=g\",\"contentUrl\":\"https:\\\/\\\/secure.gravatar.com\\\/avatar\\\/18f233dd88ab6bb96eecae41ac8cc5e3c24977d2c37825f063d12c83acaf0f69?s=96&d=mm&r=g\",\"caption\":\"Daldewolf-MathieuMaes\"},\"url\":\"https:\\\/\\\/www.daldewolf.com\\\/fr\\\/author\\\/daldewolf-mathieumaes\\\/\"}]}<\/script>\n<!-- \/ Yoast SEO plugin. -->","yoast_head_json":{"title":"DALDEWOLF: Nouvelle direction \u00e0 Kinshasa - DALDEWOLF","description":"Nouvelle direction \u00e0 Kinshasa pour remplacer Romain Battajon qui cesse ses fonctions au sein de DALDEWOLF \u00e0 partir du 20 janvier 2023.","robots":{"index":"index","follow":"follow","max-snippet":"max-snippet:-1","max-image-preview":"max-image-preview:large","max-video-preview":"max-video-preview:-1"},"canonical":"https:\/\/www.daldewolf.com\/fr\/daldewolf-nouvelle-direction-a-kinshasa\/","og_locale":"fr_FR","og_type":"article","og_title":"DALDEWOLF: Nouvelle direction \u00e0 Kinshasa - DALDEWOLF","og_description":"Nouvelle direction \u00e0 Kinshasa pour remplacer Romain Battajon qui cesse ses fonctions au sein de DALDEWOLF \u00e0 partir du 20 janvier 2023.","og_url":"https:\/\/www.daldewolf.com\/fr\/daldewolf-nouvelle-direction-a-kinshasa\/","og_site_name":"DALDEWOLF","article_published_time":"2023-01-11T10:59:56+00:00","og_image":[{"width":853,"height":853,"url":"https:\/\/www.daldewolf.com\/wp-content\/uploads\/2023\/01\/20230111-DDW-RDC-new-management.png","type":"image\/png"}],"author":"Daldewolf-MathieuMaes","twitter_card":"summary_large_image","twitter_misc":{"\u00c9crit par":"Daldewolf-MathieuMaes","Dur\u00e9e de lecture estim\u00e9e":"2 minutes"},"schema":{"@context":"https:\/\/schema.org","@graph":[{"@type":"Article","@id":"https:\/\/www.daldewolf.com\/fr\/daldewolf-nouvelle-direction-a-kinshasa\/#article","isPartOf":{"@id":"https:\/\/www.daldewolf.com\/fr\/daldewolf-nouvelle-direction-a-kinshasa\/"},"author":{"name":"Daldewolf-MathieuMaes","@id":"https:\/\/www.daldewolf.com\/nl\/#\/schema\/person\/e3f911046ea6ce16d864e88be3452d83"},"headline":"DALDEWOLF: Nouvelle direction \u00e0 Kinshasa","datePublished":"2023-01-11T10:59:56+00:00","mainEntityOfPage":{"@id":"https:\/\/www.daldewolf.com\/fr\/daldewolf-nouvelle-direction-a-kinshasa\/"},"wordCount":271,"publisher":{"@id":"https:\/\/www.daldewolf.com\/nl\/#organization"},"image":{"@id":"https:\/\/www.daldewolf.com\/fr\/daldewolf-nouvelle-direction-a-kinshasa\/#primaryimage"},"thumbnailUrl":"https:\/\/www.daldewolf.com\/wp-content\/uploads\/2023\/01\/20230111-DDW-RDC-new-management.png","articleSection":["news"],"inLanguage":"fr-FR"},{"@type":"WebPage","@id":"https:\/\/www.daldewolf.com\/fr\/daldewolf-nouvelle-direction-a-kinshasa\/","url":"https:\/\/www.daldewolf.com\/fr\/daldewolf-nouvelle-direction-a-kinshasa\/","name":"DALDEWOLF: Nouvelle direction \u00e0 Kinshasa - DALDEWOLF","isPartOf":{"@id":"https:\/\/www.daldewolf.com\/nl\/#website"},"primaryImageOfPage":{"@id":"https:\/\/www.daldewolf.com\/fr\/daldewolf-nouvelle-direction-a-kinshasa\/#primaryimage"},"image":{"@id":"https:\/\/www.daldewolf.com\/fr\/daldewolf-nouvelle-direction-a-kinshasa\/#primaryimage"},"thumbnailUrl":"https:\/\/www.daldewolf.com\/wp-content\/uploads\/2023\/01\/20230111-DDW-RDC-new-management.png","datePublished":"2023-01-11T10:59:56+00:00","description":"Nouvelle direction \u00e0 Kinshasa pour remplacer Romain Battajon qui cesse ses fonctions au sein de DALDEWOLF \u00e0 partir du 20 janvier 2023.","breadcrumb":{"@id":"https:\/\/www.daldewolf.com\/fr\/daldewolf-nouvelle-direction-a-kinshasa\/#breadcrumb"},"inLanguage":"fr-FR","potentialAction":[{"@type":"ReadAction","target":["https:\/\/www.daldewolf.com\/fr\/daldewolf-nouvelle-direction-a-kinshasa\/"]}]},{"@type":"ImageObject","inLanguage":"fr-FR","@id":"https:\/\/www.daldewolf.com\/fr\/daldewolf-nouvelle-direction-a-kinshasa\/#primaryimage","url":"https:\/\/www.daldewolf.com\/wp-content\/uploads\/2023\/01\/20230111-DDW-RDC-new-management.png","contentUrl":"https:\/\/www.daldewolf.com\/wp-content\/uploads\/2023\/01\/20230111-DDW-RDC-new-management.png","width":853,"height":853},{"@type":"BreadcrumbList","@id":"https:\/\/www.daldewolf.com\/fr\/daldewolf-nouvelle-direction-a-kinshasa\/#breadcrumb","itemListElement":[{"@type":"ListItem","position":1,"name":"Home","item":"https:\/\/www.daldewolf.com\/fr\/"},{"@type":"ListItem","position":2,"name":"DALDEWOLF: Nouvelle direction \u00e0 Kinshasa"}]},{"@type":"WebSite","@id":"https:\/\/www.daldewolf.com\/nl\/#website","url":"https:\/\/www.daldewolf.com\/nl\/","name":"DALDEWOLF","description":"Independant Law firm, Since 1958.","publisher":{"@id":"https:\/\/www.daldewolf.com\/nl\/#organization"},"potentialAction":[{"@type":"SearchAction","target":{"@type":"EntryPoint","urlTemplate":"https:\/\/www.daldewolf.com\/nl\/?s={search_term_string}"},"query-input":{"@type":"PropertyValueSpecification","valueRequired":true,"valueName":"search_term_string"}}],"inLanguage":"fr-FR"},{"@type":"Organization","@id":"https:\/\/www.daldewolf.com\/nl\/#organization","name":"DALDEWOLF","url":"https:\/\/www.daldewolf.com\/nl\/","logo":{"@type":"ImageObject","inLanguage":"fr-FR","@id":"https:\/\/www.daldewolf.com\/nl\/#\/schema\/logo\/image\/","url":"https:\/\/www.daldewolf.com\/wp-content\/uploads\/2020\/05\/Logo-Daldewolf.png","contentUrl":"https:\/\/www.daldewolf.com\/wp-content\/uploads\/2020\/05\/Logo-Daldewolf.png","width":320,"height":40,"caption":"DALDEWOLF"},"image":{"@id":"https:\/\/www.daldewolf.com\/nl\/#\/schema\/logo\/image\/"},"sameAs":["https:\/\/www.linkedin.com\/company\/10193320"]},{"@type":"Person","@id":"https:\/\/www.daldewolf.com\/nl\/#\/schema\/person\/e3f911046ea6ce16d864e88be3452d83","name":"Daldewolf-MathieuMaes","image":{"@type":"ImageObject","inLanguage":"fr-FR","@id":"https:\/\/secure.gravatar.com\/avatar\/18f233dd88ab6bb96eecae41ac8cc5e3c24977d2c37825f063d12c83acaf0f69?s=96&d=mm&r=g","url":"https:\/\/secure.gravatar.com\/avatar\/18f233dd88ab6bb96eecae41ac8cc5e3c24977d2c37825f063d12c83acaf0f69?s=96&d=mm&r=g","contentUrl":"https:\/\/secure.gravatar.com\/avatar\/18f233dd88ab6bb96eecae41ac8cc5e3c24977d2c37825f063d12c83acaf0f69?s=96&d=mm&r=g","caption":"Daldewolf-MathieuMaes"},"url":"https:\/\/www.daldewolf.com\/fr\/author\/daldewolf-mathieumaes\/"}]}},"_links":{"self":[{"href":"https:\/\/www.daldewolf.com\/fr\/wp-json\/wp\/v2\/posts\/9688","targetHints":{"allow":["GET"]}}],"collection":[{"href":"https:\/\/www.daldewolf.com\/fr\/wp-json\/wp\/v2\/posts"}],"about":[{"href":"https:\/\/www.daldewolf.com\/fr\/wp-json\/wp\/v2\/types\/post"}],"author":[{"embeddable":true,"href":"https:\/\/www.daldewolf.com\/fr\/wp-json\/wp\/v2\/users\/5"}],"replies":[{"embeddable":true,"href":"https:\/\/www.daldewolf.com\/fr\/wp-json\/wp\/v2\/comments?post=9688"}],"version-history":[{"count":0,"href":"https:\/\/www.daldewolf.com\/fr\/wp-json\/wp\/v2\/posts\/9688\/revisions"}],"wp:featuredmedia":[{"embeddable":true,"href":"https:\/\/www.daldewolf.com\/fr\/wp-json\/wp\/v2\/media\/9689"}],"wp:attachment":[{"href":"https:\/\/www.daldewolf.com\/fr\/wp-json\/wp\/v2\/media?parent=9688"}],"wp:term":[{"taxonomy":"category","embeddable":true,"href":"https:\/\/www.daldewolf.com\/fr\/wp-json\/wp\/v2\/categories?post=9688"},{"taxonomy":"post_tag","embeddable":true,"href":"https:\/\/www.daldewolf.com\/fr\/wp-json\/wp\/v2\/tags?post=9688"}],"curies":[{"name":"wp","href":"https:\/\/api.w.org\/{rel}","templated":true}]}}