{"id":8945,"date":"2022-11-22T10:13:09","date_gmt":"2022-11-22T09:13:09","guid":{"rendered":"https:\/\/www.daldewolf.com\/?p=8945"},"modified":"2022-11-22T10:13:09","modified_gmt":"2022-11-22T09:13:09","slug":"daldewolf-rd-congo-arrivee-de-daniel-djedi-collaborateur-senior","status":"publish","type":"post","link":"https:\/\/www.daldewolf.com\/fr\/daldewolf-rd-congo-arrivee-de-daniel-djedi-collaborateur-senior\/","title":{"rendered":"DALDEWOLF RD CONGO: Arriv\u00e9e de Daniel Djedi, collaborateur Senior"},"content":{"rendered":"<p><strong>DALDEWOLF renforce l\u2019\u00e9quipe de son bureau en R\u00e9publique D\u00e9mocratique du Congo, avec l\u2019arriv\u00e9e d\u2019un nouvel avocat collaborateur senior en la personne du Professeur Daniel Djedi Djongambolo Ohonge.<\/strong><\/p>\n<p><img loading=\"lazy\" decoding=\"async\" class=\"size-thumblist wp-image-8946 alignright\" src=\"https:\/\/www.daldewolf.com\/wp-content\/uploads\/2022\/11\/20221122-ROB-DDW-RDC-Daniel-Djedi-300x300.png\" alt=\"\" width=\"300\" height=\"300\" srcset=\"https:\/\/www.daldewolf.com\/wp-content\/uploads\/2022\/11\/20221122-ROB-DDW-RDC-Daniel-Djedi-300x300.png 300w, https:\/\/www.daldewolf.com\/wp-content\/uploads\/2022\/11\/20221122-ROB-DDW-RDC-Daniel-Djedi-1024x1024.png 1024w, https:\/\/www.daldewolf.com\/wp-content\/uploads\/2022\/11\/20221122-ROB-DDW-RDC-Daniel-Djedi-150x150.png 150w, https:\/\/www.daldewolf.com\/wp-content\/uploads\/2022\/11\/20221122-ROB-DDW-RDC-Daniel-Djedi-600x600.png 600w, https:\/\/www.daldewolf.com\/wp-content\/uploads\/2022\/11\/20221122-ROB-DDW-RDC-Daniel-Djedi.png 1200w\" sizes=\"auto, (max-width: 300px) 100vw, 300px\" \/>Avocat pr\u00e8s la Cour d\u2019appel du Sankuru (RD Congo), Daniel est \u00e9galement professeur invit\u00e9 \u00e0 l\u2019Universit\u00e9 de Tshumbe (RD Congo) et, depuis 2013, charg\u00e9 de cours \u00e0 la Facult\u00e9 de droit de l\u2019Universit\u00e9 de Montr\u00e9al (Canada), o\u00f9 il est par ailleurs devenu, depuis 2018, chercheur associ\u00e9 au <a href=\"https:\/\/www.cdaci.ca\/\" target=\"_blank\" rel=\"noopener\">Centre de Droit des Affaires et du Commerce International (CDACI)<\/a>. Il a aussi enseign\u00e9 comme Professeur associ\u00e9 \u00e0 la Facult\u00e9 de Droit de l\u2019Universit\u00e9 Catholique du Congo et \u00e0 la Facult\u00e9 de Droit de Djibouti, o\u00f9 il a exerc\u00e9 pendant 5 ans comme consultant en droit des affaires pour des groupes internationaux et des institutions nationales djiboutiennes.<\/p>\n<p>Daniel est titulaire d\u2019un dipl\u00f4me de Postdoctorat en droit de l\u2019Universit\u00e9 de Montr\u00e9al apr\u00e8s y avoir fait son doctorat. C\u2019en en France, \u00e0 la Facult\u00e9 de droit, de gestion et d\u2019\u00e9conomie de l\u2019Universit\u00e9 d\u2019Orl\u00e9ans, qu\u2019il a obtenu sa licence en droit et son Master 2 en droit des affaires et fiscalit\u00e9.<\/p>\n<p>Il est l\u2019auteur de nombreux ouvrages et articles acad\u00e9miques, dont, en 2021, un \u00ab <a href=\"https:\/\/my.editions-ue.com\/catalog\/details\/\/store\/fr\/book\/978-620-3-43244-2\/pr%C3%A9cis-de-droit-commercial-congolais-%C3%A0-la-lumi%C3%A8re-du-droit-ohada\" target=\"_blank\" rel=\"noopener\">Pr\u00e9cis de droit commercial congolais \u00e0 la lumi\u00e8re du droit Ohada<\/a> \u00bb paru aux \u00c9ditions Universitaires Europ\u00e9ennes.<\/p>\n<p>Pour Romain Battajon, en charge du bureau de DALDEWOLF \u00e0 Kinshasa : \u201c<em>Le profil brillant et international de Daniel est tout \u00e0 l\u2019image du cabinet DALDEWOLF. L\u2019arriv\u00e9e de Daniel dans notre \u00e9quipe est une excellente opportunit\u00e9, qui participera au renforcement et \u00e0 la croissance de nos activit\u00e9s en R\u00e9publique D\u00e9mocratique du Congo et, \u00e9galement, dans l\u2019espace OHADA.<\/em>\u201d<\/p>\n<p>Bienvenue chez DALDEWOLF, Daniel!<\/p>\n<p>\u2014<\/p>\n<p>Le bureau de DALDEWOLF en R\u00e9publique D\u00e9mocratique du Congo (RD Congo) fournit une assistance juridique \u00e0 une client\u00e8le vari\u00e9e (multinationales, PME, start-up, ONG, institutions internationales, entit\u00e9s publiques et parapubliques, fonds d\u2019investissement, diaspora africaine en Europe et diaspora europ\u00e9enne en Afrique). Son \u00e9quipe est pluridisciplinaire (droit OHADA, droit des soci\u00e9t\u00e9s, fiscalit\u00e9, droit minier, concurrence, PPP et march\u00e9s publics, IP\/IT, contentieux &amp; MARC). En ce qui concerne le droit OHADA, les avocats de Kinshasa font \u00e9galement partie du Desk OHADA (compos\u00e9 d\u2019avocats bas\u00e9s tant \u00e0 Bruxelles qu\u2019\u00e0 Kinshasa).<\/p>\n<p>Les domaines d\u2019activit\u00e9 de DALDEWOLF en RDC sont essentiellement li\u00e9s \u00e0 la vie des affaires et de l\u2019entreprise dans les domaines classiques d\u2019intervention du cabinet, en ce compris en mati\u00e8re d\u2019obtention de licences et de permis pour certaines activit\u00e9s (mines, hydrocarbures, \u00e9nergie, services bancaires et financiers, t\u00e9l\u00e9coms, agriculture) et de gestion de litiges judiciaires ou par la voie de l\u2019arbitrage (CCJA, CCI, CNUDCI) et de la m\u00e9diation.<\/p>\n","protected":false},"excerpt":{"rendered":"<p>DALDEWOLF renforce l\u2019\u00e9quipe de son bureau en R\u00e9publique D\u00e9mocratique du Congo, avec l\u2019arriv\u00e9e d\u2019un nouvel avocat collaborateur senior en la personne du Professeur Daniel Djedi Djongambolo Ohonge. Avocat pr\u00e8s la Cour d\u2019appel du Sankuru (RD Congo), Daniel est \u00e9galement professeur invit\u00e9 \u00e0 l\u2019Universit\u00e9 de Tshumbe (RD Congo) et, depuis 2013, charg\u00e9 de cours \u00e0 la&#8230;<\/p>\n","protected":false},"author":5,"featured_media":8946,"comment_status":"closed","ping_status":"closed","sticky":false,"template":"","format":"standard","meta":{"_acf_changed":false,"footnotes":""},"categories":[58],"tags":[188],"class_list":["post-8945","post","type-post","status-publish","format-standard","has-post-thumbnail","hentry","category-news","tag-ohada"],"acf":[],"yoast_head":"<!-- This site is optimized with the Yoast SEO plugin v27.4 - https:\/\/yoast.com\/product\/yoast-seo-wordpress\/ -->\n<title>DALDEWOLF RD CONGO: Arriv\u00e9e de Daniel Djedi, collaborateur Senior - DALDEWOLF<\/title>\n<meta name=\"description\" content=\"DALDEWOLF renforce l\u2019\u00e9quipe de son bureau de Kinshasa avec l\u2019arriv\u00e9e du Professeur Daniel Djedi Djongambolo Ohonge.\" \/>\n<meta name=\"robots\" content=\"index, follow, max-snippet:-1, max-image-preview:large, max-video-preview:-1\" \/>\n<link rel=\"canonical\" href=\"https:\/\/www.daldewolf.com\/fr\/daldewolf-rd-congo-arrivee-de-daniel-djedi-collaborateur-senior\/\" \/>\n<meta property=\"og:locale\" content=\"fr_FR\" \/>\n<meta property=\"og:type\" content=\"article\" \/>\n<meta property=\"og:title\" content=\"DALDEWOLF RD CONGO: Arriv\u00e9e de Daniel Djedi, collaborateur Senior - DALDEWOLF\" \/>\n<meta property=\"og:description\" content=\"DALDEWOLF renforce l\u2019\u00e9quipe de son bureau de Kinshasa avec l\u2019arriv\u00e9e du Professeur Daniel Djedi Djongambolo Ohonge.\" \/>\n<meta property=\"og:url\" content=\"https:\/\/www.daldewolf.com\/fr\/daldewolf-rd-congo-arrivee-de-daniel-djedi-collaborateur-senior\/\" \/>\n<meta property=\"og:site_name\" content=\"DALDEWOLF\" \/>\n<meta property=\"article:published_time\" content=\"2022-11-22T09:13:09+00:00\" \/>\n<meta property=\"og:image\" content=\"https:\/\/www.daldewolf.com\/wp-content\/uploads\/2022\/11\/20221122-ROB-DDW-RDC-Daniel-Djedi-1024x1024.png\" \/>\n\t<meta property=\"og:image:width\" content=\"1024\" \/>\n\t<meta property=\"og:image:height\" content=\"1024\" \/>\n\t<meta property=\"og:image:type\" content=\"image\/png\" \/>\n<meta name=\"author\" content=\"Daldewolf-MathieuMaes\" \/>\n<meta name=\"twitter:card\" content=\"summary_large_image\" \/>\n<meta name=\"twitter:label1\" content=\"\u00c9crit par\" \/>\n\t<meta name=\"twitter:data1\" content=\"Daldewolf-MathieuMaes\" \/>\n\t<meta name=\"twitter:label2\" content=\"Dur\u00e9e de lecture estim\u00e9e\" \/>\n\t<meta name=\"twitter:data2\" content=\"3 minutes\" \/>\n<script type=\"application\/ld+json\" class=\"yoast-schema-graph\">{\"@context\":\"https:\\\/\\\/schema.org\",\"@graph\":[{\"@type\":\"Article\",\"@id\":\"https:\\\/\\\/www.daldewolf.com\\\/fr\\\/daldewolf-rd-congo-arrivee-de-daniel-djedi-collaborateur-senior\\\/#article\",\"isPartOf\":{\"@id\":\"https:\\\/\\\/www.daldewolf.com\\\/fr\\\/daldewolf-rd-congo-arrivee-de-daniel-djedi-collaborateur-senior\\\/\"},\"author\":{\"name\":\"Daldewolf-MathieuMaes\",\"@id\":\"https:\\\/\\\/www.daldewolf.com\\\/nl\\\/#\\\/schema\\\/person\\\/e3f911046ea6ce16d864e88be3452d83\"},\"headline\":\"DALDEWOLF RD CONGO: Arriv\u00e9e de Daniel Djedi, collaborateur Senior\",\"datePublished\":\"2022-11-22T09:13:09+00:00\",\"mainEntityOfPage\":{\"@id\":\"https:\\\/\\\/www.daldewolf.com\\\/fr\\\/daldewolf-rd-congo-arrivee-de-daniel-djedi-collaborateur-senior\\\/\"},\"wordCount\":476,\"publisher\":{\"@id\":\"https:\\\/\\\/www.daldewolf.com\\\/nl\\\/#organization\"},\"image\":{\"@id\":\"https:\\\/\\\/www.daldewolf.com\\\/fr\\\/daldewolf-rd-congo-arrivee-de-daniel-djedi-collaborateur-senior\\\/#primaryimage\"},\"thumbnailUrl\":\"https:\\\/\\\/www.daldewolf.com\\\/wp-content\\\/uploads\\\/2022\\\/11\\\/20221122-ROB-DDW-RDC-Daniel-Djedi.png\",\"keywords\":[\"OHADA\"],\"articleSection\":[\"news\"],\"inLanguage\":\"fr-FR\"},{\"@type\":\"WebPage\",\"@id\":\"https:\\\/\\\/www.daldewolf.com\\\/fr\\\/daldewolf-rd-congo-arrivee-de-daniel-djedi-collaborateur-senior\\\/\",\"url\":\"https:\\\/\\\/www.daldewolf.com\\\/fr\\\/daldewolf-rd-congo-arrivee-de-daniel-djedi-collaborateur-senior\\\/\",\"name\":\"DALDEWOLF RD CONGO: Arriv\u00e9e de Daniel Djedi, collaborateur Senior - DALDEWOLF\",\"isPartOf\":{\"@id\":\"https:\\\/\\\/www.daldewolf.com\\\/nl\\\/#website\"},\"primaryImageOfPage\":{\"@id\":\"https:\\\/\\\/www.daldewolf.com\\\/fr\\\/daldewolf-rd-congo-arrivee-de-daniel-djedi-collaborateur-senior\\\/#primaryimage\"},\"image\":{\"@id\":\"https:\\\/\\\/www.daldewolf.com\\\/fr\\\/daldewolf-rd-congo-arrivee-de-daniel-djedi-collaborateur-senior\\\/#primaryimage\"},\"thumbnailUrl\":\"https:\\\/\\\/www.daldewolf.com\\\/wp-content\\\/uploads\\\/2022\\\/11\\\/20221122-ROB-DDW-RDC-Daniel-Djedi.png\",\"datePublished\":\"2022-11-22T09:13:09+00:00\",\"description\":\"DALDEWOLF renforce l\u2019\u00e9quipe de son bureau de Kinshasa avec l\u2019arriv\u00e9e du Professeur Daniel Djedi Djongambolo Ohonge.\",\"breadcrumb\":{\"@id\":\"https:\\\/\\\/www.daldewolf.com\\\/fr\\\/daldewolf-rd-congo-arrivee-de-daniel-djedi-collaborateur-senior\\\/#breadcrumb\"},\"inLanguage\":\"fr-FR\",\"potentialAction\":[{\"@type\":\"ReadAction\",\"target\":[\"https:\\\/\\\/www.daldewolf.com\\\/fr\\\/daldewolf-rd-congo-arrivee-de-daniel-djedi-collaborateur-senior\\\/\"]}]},{\"@type\":\"ImageObject\",\"inLanguage\":\"fr-FR\",\"@id\":\"https:\\\/\\\/www.daldewolf.com\\\/fr\\\/daldewolf-rd-congo-arrivee-de-daniel-djedi-collaborateur-senior\\\/#primaryimage\",\"url\":\"https:\\\/\\\/www.daldewolf.com\\\/wp-content\\\/uploads\\\/2022\\\/11\\\/20221122-ROB-DDW-RDC-Daniel-Djedi.png\",\"contentUrl\":\"https:\\\/\\\/www.daldewolf.com\\\/wp-content\\\/uploads\\\/2022\\\/11\\\/20221122-ROB-DDW-RDC-Daniel-Djedi.png\",\"width\":1200,\"height\":1200},{\"@type\":\"BreadcrumbList\",\"@id\":\"https:\\\/\\\/www.daldewolf.com\\\/fr\\\/daldewolf-rd-congo-arrivee-de-daniel-djedi-collaborateur-senior\\\/#breadcrumb\",\"itemListElement\":[{\"@type\":\"ListItem\",\"position\":1,\"name\":\"Home\",\"item\":\"https:\\\/\\\/www.daldewolf.com\\\/fr\\\/\"},{\"@type\":\"ListItem\",\"position\":2,\"name\":\"DALDEWOLF RD CONGO: Arriv\u00e9e de Daniel Djedi, collaborateur Senior\"}]},{\"@type\":\"WebSite\",\"@id\":\"https:\\\/\\\/www.daldewolf.com\\\/nl\\\/#website\",\"url\":\"https:\\\/\\\/www.daldewolf.com\\\/nl\\\/\",\"name\":\"DALDEWOLF\",\"description\":\"Independant Law firm, Since 1958.\",\"publisher\":{\"@id\":\"https:\\\/\\\/www.daldewolf.com\\\/nl\\\/#organization\"},\"potentialAction\":[{\"@type\":\"SearchAction\",\"target\":{\"@type\":\"EntryPoint\",\"urlTemplate\":\"https:\\\/\\\/www.daldewolf.com\\\/nl\\\/?s={search_term_string}\"},\"query-input\":{\"@type\":\"PropertyValueSpecification\",\"valueRequired\":true,\"valueName\":\"search_term_string\"}}],\"inLanguage\":\"fr-FR\"},{\"@type\":\"Organization\",\"@id\":\"https:\\\/\\\/www.daldewolf.com\\\/nl\\\/#organization\",\"name\":\"DALDEWOLF\",\"url\":\"https:\\\/\\\/www.daldewolf.com\\\/nl\\\/\",\"logo\":{\"@type\":\"ImageObject\",\"inLanguage\":\"fr-FR\",\"@id\":\"https:\\\/\\\/www.daldewolf.com\\\/nl\\\/#\\\/schema\\\/logo\\\/image\\\/\",\"url\":\"https:\\\/\\\/www.daldewolf.com\\\/wp-content\\\/uploads\\\/2020\\\/05\\\/Logo-Daldewolf.png\",\"contentUrl\":\"https:\\\/\\\/www.daldewolf.com\\\/wp-content\\\/uploads\\\/2020\\\/05\\\/Logo-Daldewolf.png\",\"width\":320,\"height\":40,\"caption\":\"DALDEWOLF\"},\"image\":{\"@id\":\"https:\\\/\\\/www.daldewolf.com\\\/nl\\\/#\\\/schema\\\/logo\\\/image\\\/\"},\"sameAs\":[\"https:\\\/\\\/www.linkedin.com\\\/company\\\/10193320\"]},{\"@type\":\"Person\",\"@id\":\"https:\\\/\\\/www.daldewolf.com\\\/nl\\\/#\\\/schema\\\/person\\\/e3f911046ea6ce16d864e88be3452d83\",\"name\":\"Daldewolf-MathieuMaes\",\"image\":{\"@type\":\"ImageObject\",\"inLanguage\":\"fr-FR\",\"@id\":\"https:\\\/\\\/secure.gravatar.com\\\/avatar\\\/18f233dd88ab6bb96eecae41ac8cc5e3c24977d2c37825f063d12c83acaf0f69?s=96&d=mm&r=g\",\"url\":\"https:\\\/\\\/secure.gravatar.com\\\/avatar\\\/18f233dd88ab6bb96eecae41ac8cc5e3c24977d2c37825f063d12c83acaf0f69?s=96&d=mm&r=g\",\"contentUrl\":\"https:\\\/\\\/secure.gravatar.com\\\/avatar\\\/18f233dd88ab6bb96eecae41ac8cc5e3c24977d2c37825f063d12c83acaf0f69?s=96&d=mm&r=g\",\"caption\":\"Daldewolf-MathieuMaes\"},\"url\":\"https:\\\/\\\/www.daldewolf.com\\\/fr\\\/author\\\/daldewolf-mathieumaes\\\/\"}]}<\/script>\n<!-- \/ Yoast SEO plugin. -->","yoast_head_json":{"title":"DALDEWOLF RD CONGO: Arriv\u00e9e de Daniel Djedi, collaborateur Senior - DALDEWOLF","description":"DALDEWOLF renforce l\u2019\u00e9quipe de son bureau de Kinshasa avec l\u2019arriv\u00e9e du Professeur Daniel Djedi Djongambolo Ohonge.","robots":{"index":"index","follow":"follow","max-snippet":"max-snippet:-1","max-image-preview":"max-image-preview:large","max-video-preview":"max-video-preview:-1"},"canonical":"https:\/\/www.daldewolf.com\/fr\/daldewolf-rd-congo-arrivee-de-daniel-djedi-collaborateur-senior\/","og_locale":"fr_FR","og_type":"article","og_title":"DALDEWOLF RD CONGO: Arriv\u00e9e de Daniel Djedi, collaborateur Senior - DALDEWOLF","og_description":"DALDEWOLF renforce l\u2019\u00e9quipe de son bureau de Kinshasa avec l\u2019arriv\u00e9e du Professeur Daniel Djedi Djongambolo Ohonge.","og_url":"https:\/\/www.daldewolf.com\/fr\/daldewolf-rd-congo-arrivee-de-daniel-djedi-collaborateur-senior\/","og_site_name":"DALDEWOLF","article_published_time":"2022-11-22T09:13:09+00:00","og_image":[{"width":1024,"height":1024,"url":"https:\/\/www.daldewolf.com\/wp-content\/uploads\/2022\/11\/20221122-ROB-DDW-RDC-Daniel-Djedi-1024x1024.png","type":"image\/png"}],"author":"Daldewolf-MathieuMaes","twitter_card":"summary_large_image","twitter_misc":{"\u00c9crit par":"Daldewolf-MathieuMaes","Dur\u00e9e de lecture estim\u00e9e":"3 minutes"},"schema":{"@context":"https:\/\/schema.org","@graph":[{"@type":"Article","@id":"https:\/\/www.daldewolf.com\/fr\/daldewolf-rd-congo-arrivee-de-daniel-djedi-collaborateur-senior\/#article","isPartOf":{"@id":"https:\/\/www.daldewolf.com\/fr\/daldewolf-rd-congo-arrivee-de-daniel-djedi-collaborateur-senior\/"},"author":{"name":"Daldewolf-MathieuMaes","@id":"https:\/\/www.daldewolf.com\/nl\/#\/schema\/person\/e3f911046ea6ce16d864e88be3452d83"},"headline":"DALDEWOLF RD CONGO: Arriv\u00e9e de Daniel Djedi, collaborateur Senior","datePublished":"2022-11-22T09:13:09+00:00","mainEntityOfPage":{"@id":"https:\/\/www.daldewolf.com\/fr\/daldewolf-rd-congo-arrivee-de-daniel-djedi-collaborateur-senior\/"},"wordCount":476,"publisher":{"@id":"https:\/\/www.daldewolf.com\/nl\/#organization"},"image":{"@id":"https:\/\/www.daldewolf.com\/fr\/daldewolf-rd-congo-arrivee-de-daniel-djedi-collaborateur-senior\/#primaryimage"},"thumbnailUrl":"https:\/\/www.daldewolf.com\/wp-content\/uploads\/2022\/11\/20221122-ROB-DDW-RDC-Daniel-Djedi.png","keywords":["OHADA"],"articleSection":["news"],"inLanguage":"fr-FR"},{"@type":"WebPage","@id":"https:\/\/www.daldewolf.com\/fr\/daldewolf-rd-congo-arrivee-de-daniel-djedi-collaborateur-senior\/","url":"https:\/\/www.daldewolf.com\/fr\/daldewolf-rd-congo-arrivee-de-daniel-djedi-collaborateur-senior\/","name":"DALDEWOLF RD CONGO: Arriv\u00e9e de Daniel Djedi, collaborateur Senior - DALDEWOLF","isPartOf":{"@id":"https:\/\/www.daldewolf.com\/nl\/#website"},"primaryImageOfPage":{"@id":"https:\/\/www.daldewolf.com\/fr\/daldewolf-rd-congo-arrivee-de-daniel-djedi-collaborateur-senior\/#primaryimage"},"image":{"@id":"https:\/\/www.daldewolf.com\/fr\/daldewolf-rd-congo-arrivee-de-daniel-djedi-collaborateur-senior\/#primaryimage"},"thumbnailUrl":"https:\/\/www.daldewolf.com\/wp-content\/uploads\/2022\/11\/20221122-ROB-DDW-RDC-Daniel-Djedi.png","datePublished":"2022-11-22T09:13:09+00:00","description":"DALDEWOLF renforce l\u2019\u00e9quipe de son bureau de Kinshasa avec l\u2019arriv\u00e9e du Professeur Daniel Djedi Djongambolo Ohonge.","breadcrumb":{"@id":"https:\/\/www.daldewolf.com\/fr\/daldewolf-rd-congo-arrivee-de-daniel-djedi-collaborateur-senior\/#breadcrumb"},"inLanguage":"fr-FR","potentialAction":[{"@type":"ReadAction","target":["https:\/\/www.daldewolf.com\/fr\/daldewolf-rd-congo-arrivee-de-daniel-djedi-collaborateur-senior\/"]}]},{"@type":"ImageObject","inLanguage":"fr-FR","@id":"https:\/\/www.daldewolf.com\/fr\/daldewolf-rd-congo-arrivee-de-daniel-djedi-collaborateur-senior\/#primaryimage","url":"https:\/\/www.daldewolf.com\/wp-content\/uploads\/2022\/11\/20221122-ROB-DDW-RDC-Daniel-Djedi.png","contentUrl":"https:\/\/www.daldewolf.com\/wp-content\/uploads\/2022\/11\/20221122-ROB-DDW-RDC-Daniel-Djedi.png","width":1200,"height":1200},{"@type":"BreadcrumbList","@id":"https:\/\/www.daldewolf.com\/fr\/daldewolf-rd-congo-arrivee-de-daniel-djedi-collaborateur-senior\/#breadcrumb","itemListElement":[{"@type":"ListItem","position":1,"name":"Home","item":"https:\/\/www.daldewolf.com\/fr\/"},{"@type":"ListItem","position":2,"name":"DALDEWOLF RD CONGO: Arriv\u00e9e de Daniel Djedi, collaborateur Senior"}]},{"@type":"WebSite","@id":"https:\/\/www.daldewolf.com\/nl\/#website","url":"https:\/\/www.daldewolf.com\/nl\/","name":"DALDEWOLF","description":"Independant Law firm, Since 1958.","publisher":{"@id":"https:\/\/www.daldewolf.com\/nl\/#organization"},"potentialAction":[{"@type":"SearchAction","target":{"@type":"EntryPoint","urlTemplate":"https:\/\/www.daldewolf.com\/nl\/?s={search_term_string}"},"query-input":{"@type":"PropertyValueSpecification","valueRequired":true,"valueName":"search_term_string"}}],"inLanguage":"fr-FR"},{"@type":"Organization","@id":"https:\/\/www.daldewolf.com\/nl\/#organization","name":"DALDEWOLF","url":"https:\/\/www.daldewolf.com\/nl\/","logo":{"@type":"ImageObject","inLanguage":"fr-FR","@id":"https:\/\/www.daldewolf.com\/nl\/#\/schema\/logo\/image\/","url":"https:\/\/www.daldewolf.com\/wp-content\/uploads\/2020\/05\/Logo-Daldewolf.png","contentUrl":"https:\/\/www.daldewolf.com\/wp-content\/uploads\/2020\/05\/Logo-Daldewolf.png","width":320,"height":40,"caption":"DALDEWOLF"},"image":{"@id":"https:\/\/www.daldewolf.com\/nl\/#\/schema\/logo\/image\/"},"sameAs":["https:\/\/www.linkedin.com\/company\/10193320"]},{"@type":"Person","@id":"https:\/\/www.daldewolf.com\/nl\/#\/schema\/person\/e3f911046ea6ce16d864e88be3452d83","name":"Daldewolf-MathieuMaes","image":{"@type":"ImageObject","inLanguage":"fr-FR","@id":"https:\/\/secure.gravatar.com\/avatar\/18f233dd88ab6bb96eecae41ac8cc5e3c24977d2c37825f063d12c83acaf0f69?s=96&d=mm&r=g","url":"https:\/\/secure.gravatar.com\/avatar\/18f233dd88ab6bb96eecae41ac8cc5e3c24977d2c37825f063d12c83acaf0f69?s=96&d=mm&r=g","contentUrl":"https:\/\/secure.gravatar.com\/avatar\/18f233dd88ab6bb96eecae41ac8cc5e3c24977d2c37825f063d12c83acaf0f69?s=96&d=mm&r=g","caption":"Daldewolf-MathieuMaes"},"url":"https:\/\/www.daldewolf.com\/fr\/author\/daldewolf-mathieumaes\/"}]}},"_links":{"self":[{"href":"https:\/\/www.daldewolf.com\/fr\/wp-json\/wp\/v2\/posts\/8945","targetHints":{"allow":["GET"]}}],"collection":[{"href":"https:\/\/www.daldewolf.com\/fr\/wp-json\/wp\/v2\/posts"}],"about":[{"href":"https:\/\/www.daldewolf.com\/fr\/wp-json\/wp\/v2\/types\/post"}],"author":[{"embeddable":true,"href":"https:\/\/www.daldewolf.com\/fr\/wp-json\/wp\/v2\/users\/5"}],"replies":[{"embeddable":true,"href":"https:\/\/www.daldewolf.com\/fr\/wp-json\/wp\/v2\/comments?post=8945"}],"version-history":[{"count":0,"href":"https:\/\/www.daldewolf.com\/fr\/wp-json\/wp\/v2\/posts\/8945\/revisions"}],"wp:featuredmedia":[{"embeddable":true,"href":"https:\/\/www.daldewolf.com\/fr\/wp-json\/wp\/v2\/media\/8946"}],"wp:attachment":[{"href":"https:\/\/www.daldewolf.com\/fr\/wp-json\/wp\/v2\/media?parent=8945"}],"wp:term":[{"taxonomy":"category","embeddable":true,"href":"https:\/\/www.daldewolf.com\/fr\/wp-json\/wp\/v2\/categories?post=8945"},{"taxonomy":"post_tag","embeddable":true,"href":"https:\/\/www.daldewolf.com\/fr\/wp-json\/wp\/v2\/tags?post=8945"}],"curies":[{"name":"wp","href":"https:\/\/api.w.org\/{rel}","templated":true}]}}