{"id":8336,"date":"2022-09-23T09:48:04","date_gmt":"2022-09-23T08:48:04","guid":{"rendered":"https:\/\/www.daldewolf.com\/?p=8336"},"modified":"2022-09-23T09:52:50","modified_gmt":"2022-09-23T08:52:50","slug":"daldewolf-defend-la-rtbf-devant-la-cour-constitutionnelle","status":"publish","type":"post","link":"https:\/\/www.daldewolf.com\/fr\/daldewolf-defend-la-rtbf-devant-la-cour-constitutionnelle\/","title":{"rendered":"DALDEWOLF d\u00e9fend la RTBF devant la Cour Constitutionnelle"},"content":{"rendered":"<p><strong>Hier la Cour constitutionnelle a rendu un arr\u00eat sur la compatibilit\u00e9 du r\u00e9gime fiscal de la RTBF avec la Constitution (consulter l\u2019arr\u00eat <a href=\"https:\/\/www.const-court.be\/public\/f\/2022\/2022-112f.pdf\" target=\"_blank\" rel=\"noopener\">ici<\/a>).<\/strong><\/p>\n<p><img loading=\"lazy\" decoding=\"async\" class=\"alignright size-thumblist wp-image-8337\" src=\"https:\/\/www.daldewolf.com\/wp-content\/uploads\/2022\/09\/20220923-OBE-RTBF-300x300.png\" alt=\"\" width=\"300\" height=\"300\" srcset=\"https:\/\/www.daldewolf.com\/wp-content\/uploads\/2022\/09\/20220923-OBE-RTBF-300x300.png 300w, https:\/\/www.daldewolf.com\/wp-content\/uploads\/2022\/09\/20220923-OBE-RTBF-1024x1024.png 1024w, https:\/\/www.daldewolf.com\/wp-content\/uploads\/2022\/09\/20220923-OBE-RTBF-150x150.png 150w, https:\/\/www.daldewolf.com\/wp-content\/uploads\/2022\/09\/20220923-OBE-RTBF-600x600.png 600w, https:\/\/www.daldewolf.com\/wp-content\/uploads\/2022\/09\/20220923-OBE-RTBF.png 1200w\" sizes=\"auto, (max-width: 300px) 100vw, 300px\" \/>La RTBF, d\u00e9fendue par <a href=\"https:\/\/www.daldewolf.com\/equipe\/olivier-bertin\/\" target=\"_blank\" rel=\"noopener\">Olivier Bertin<\/a>, est assimil\u00e9e \u00e0 l\u2019Etat belge par une loi de 1960, ce qui l\u2019exon\u00e8re des taxes locales pour l\u2019exercice de ses missions de service public. Elle contestait devant le Tribunal de premi\u00e8re instance francophone de Bruxelles une taxe communale sur les surfaces de bureaux enr\u00f4l\u00e9e sur ses immeubles.<\/p>\n<p>Saisie de questions pr\u00e9judicielles par le Tribunal, la Cour constitutionnelle a d\u00e9cid\u00e9 que les obligations de service public dont est charg\u00e9e la RTBF justifient son r\u00e9gime fiscal particulier. Il a \u00e9t\u00e9 adopt\u00e9 afin d\u2019\u00e9viter que les missions de service public soient compromises par des imp\u00f4ts dus \u00e0 d\u2019autres pouvoirs taxateurs. Ainsi, la restriction \u00e0 l\u2019autonomie communale fiscale est conforme \u00e0 la Constitution. Ce r\u00e9gime n\u2019est pas, d\u00e9cide \u00e9galement la Cour, discriminatoire par rapport aux autres op\u00e9rateurs de radio-t\u00e9l\u00e9vision, qui n\u2019ont pas, eux l\u2019obligation d\u2019assurer le service public de radio-t\u00e9l\u00e9vision.<\/p>\n","protected":false},"excerpt":{"rendered":"<p>Hier la Cour constitutionnelle a rendu un arr\u00eat sur la compatibilit\u00e9 du r\u00e9gime fiscal de la RTBF avec la Constitution (consulter l\u2019arr\u00eat ici). La RTBF, d\u00e9fendue par Olivier Bertin, est assimil\u00e9e \u00e0 l\u2019Etat belge par une loi de 1960, ce qui l\u2019exon\u00e8re des taxes locales pour l\u2019exercice de ses missions de service public. Elle contestait&#8230;<\/p>\n","protected":false},"author":5,"featured_media":8337,"comment_status":"closed","ping_status":"closed","sticky":false,"template":"","format":"standard","meta":{"_acf_changed":false,"footnotes":""},"categories":[44],"tags":[],"class_list":["post-8336","post","type-post","status-publish","format-standard","has-post-thumbnail","hentry","category-knowhow"],"acf":[],"yoast_head":"<!-- This site is optimized with the Yoast SEO plugin v27.4 - https:\/\/yoast.com\/product\/yoast-seo-wordpress\/ -->\n<title>DALDEWOLF d\u00e9fend la RTBF devant la Cour Constitutionnelle - DALDEWOLF<\/title>\n<meta name=\"description\" content=\"Les obligations de service public dont est charg\u00e9e la RTBF justifient son r\u00e9gime fiscal particulier, a d\u00e9cid\u00e9 la Cour constitutionnelle.\" \/>\n<meta name=\"robots\" content=\"index, follow, max-snippet:-1, max-image-preview:large, max-video-preview:-1\" \/>\n<link rel=\"canonical\" href=\"https:\/\/www.daldewolf.com\/fr\/daldewolf-defend-la-rtbf-devant-la-cour-constitutionnelle\/\" \/>\n<meta property=\"og:locale\" content=\"fr_FR\" \/>\n<meta property=\"og:type\" content=\"article\" \/>\n<meta property=\"og:title\" content=\"DALDEWOLF d\u00e9fend la RTBF devant la Cour Constitutionnelle - DALDEWOLF\" \/>\n<meta property=\"og:description\" content=\"Les obligations de service public dont est charg\u00e9e la RTBF justifient son r\u00e9gime fiscal particulier, a d\u00e9cid\u00e9 la Cour constitutionnelle.\" \/>\n<meta property=\"og:url\" content=\"https:\/\/www.daldewolf.com\/fr\/daldewolf-defend-la-rtbf-devant-la-cour-constitutionnelle\/\" \/>\n<meta property=\"og:site_name\" content=\"DALDEWOLF\" \/>\n<meta property=\"article:published_time\" content=\"2022-09-23T08:48:04+00:00\" \/>\n<meta property=\"article:modified_time\" content=\"2022-09-23T08:52:50+00:00\" \/>\n<meta property=\"og:image\" content=\"https:\/\/www.daldewolf.com\/wp-content\/uploads\/2022\/09\/20220923-OBE-RTBF.png\" \/>\n\t<meta property=\"og:image:width\" content=\"1200\" \/>\n\t<meta property=\"og:image:height\" content=\"1200\" \/>\n\t<meta property=\"og:image:type\" content=\"image\/png\" \/>\n<meta name=\"author\" content=\"Daldewolf-MathieuMaes\" \/>\n<meta name=\"twitter:card\" content=\"summary_large_image\" \/>\n<meta name=\"twitter:label1\" content=\"\u00c9crit par\" \/>\n\t<meta name=\"twitter:data1\" content=\"Daldewolf-MathieuMaes\" \/>\n\t<meta name=\"twitter:label2\" content=\"Dur\u00e9e de lecture estim\u00e9e\" \/>\n\t<meta name=\"twitter:data2\" content=\"2 minutes\" \/>\n<script type=\"application\/ld+json\" class=\"yoast-schema-graph\">{\"@context\":\"https:\\\/\\\/schema.org\",\"@graph\":[{\"@type\":\"Article\",\"@id\":\"https:\\\/\\\/www.daldewolf.com\\\/fr\\\/daldewolf-defend-la-rtbf-devant-la-cour-constitutionnelle\\\/#article\",\"isPartOf\":{\"@id\":\"https:\\\/\\\/www.daldewolf.com\\\/fr\\\/daldewolf-defend-la-rtbf-devant-la-cour-constitutionnelle\\\/\"},\"author\":{\"name\":\"Daldewolf-MathieuMaes\",\"@id\":\"https:\\\/\\\/www.daldewolf.com\\\/nl\\\/#\\\/schema\\\/person\\\/e3f911046ea6ce16d864e88be3452d83\"},\"headline\":\"DALDEWOLF d\u00e9fend la RTBF devant la Cour Constitutionnelle\",\"datePublished\":\"2022-09-23T08:48:04+00:00\",\"dateModified\":\"2022-09-23T08:52:50+00:00\",\"mainEntityOfPage\":{\"@id\":\"https:\\\/\\\/www.daldewolf.com\\\/fr\\\/daldewolf-defend-la-rtbf-devant-la-cour-constitutionnelle\\\/\"},\"wordCount\":201,\"publisher\":{\"@id\":\"https:\\\/\\\/www.daldewolf.com\\\/nl\\\/#organization\"},\"image\":{\"@id\":\"https:\\\/\\\/www.daldewolf.com\\\/fr\\\/daldewolf-defend-la-rtbf-devant-la-cour-constitutionnelle\\\/#primaryimage\"},\"thumbnailUrl\":\"https:\\\/\\\/www.daldewolf.com\\\/wp-content\\\/uploads\\\/2022\\\/09\\\/20220923-OBE-RTBF.png\",\"articleSection\":[\"knowhow\"],\"inLanguage\":\"fr-FR\"},{\"@type\":\"WebPage\",\"@id\":\"https:\\\/\\\/www.daldewolf.com\\\/fr\\\/daldewolf-defend-la-rtbf-devant-la-cour-constitutionnelle\\\/\",\"url\":\"https:\\\/\\\/www.daldewolf.com\\\/fr\\\/daldewolf-defend-la-rtbf-devant-la-cour-constitutionnelle\\\/\",\"name\":\"DALDEWOLF d\u00e9fend la RTBF devant la Cour Constitutionnelle - DALDEWOLF\",\"isPartOf\":{\"@id\":\"https:\\\/\\\/www.daldewolf.com\\\/nl\\\/#website\"},\"primaryImageOfPage\":{\"@id\":\"https:\\\/\\\/www.daldewolf.com\\\/fr\\\/daldewolf-defend-la-rtbf-devant-la-cour-constitutionnelle\\\/#primaryimage\"},\"image\":{\"@id\":\"https:\\\/\\\/www.daldewolf.com\\\/fr\\\/daldewolf-defend-la-rtbf-devant-la-cour-constitutionnelle\\\/#primaryimage\"},\"thumbnailUrl\":\"https:\\\/\\\/www.daldewolf.com\\\/wp-content\\\/uploads\\\/2022\\\/09\\\/20220923-OBE-RTBF.png\",\"datePublished\":\"2022-09-23T08:48:04+00:00\",\"dateModified\":\"2022-09-23T08:52:50+00:00\",\"description\":\"Les obligations de service public dont est charg\u00e9e la RTBF justifient son r\u00e9gime fiscal particulier, a d\u00e9cid\u00e9 la Cour constitutionnelle.\",\"breadcrumb\":{\"@id\":\"https:\\\/\\\/www.daldewolf.com\\\/fr\\\/daldewolf-defend-la-rtbf-devant-la-cour-constitutionnelle\\\/#breadcrumb\"},\"inLanguage\":\"fr-FR\",\"potentialAction\":[{\"@type\":\"ReadAction\",\"target\":[\"https:\\\/\\\/www.daldewolf.com\\\/fr\\\/daldewolf-defend-la-rtbf-devant-la-cour-constitutionnelle\\\/\"]}]},{\"@type\":\"ImageObject\",\"inLanguage\":\"fr-FR\",\"@id\":\"https:\\\/\\\/www.daldewolf.com\\\/fr\\\/daldewolf-defend-la-rtbf-devant-la-cour-constitutionnelle\\\/#primaryimage\",\"url\":\"https:\\\/\\\/www.daldewolf.com\\\/wp-content\\\/uploads\\\/2022\\\/09\\\/20220923-OBE-RTBF.png\",\"contentUrl\":\"https:\\\/\\\/www.daldewolf.com\\\/wp-content\\\/uploads\\\/2022\\\/09\\\/20220923-OBE-RTBF.png\",\"width\":1200,\"height\":1200},{\"@type\":\"BreadcrumbList\",\"@id\":\"https:\\\/\\\/www.daldewolf.com\\\/fr\\\/daldewolf-defend-la-rtbf-devant-la-cour-constitutionnelle\\\/#breadcrumb\",\"itemListElement\":[{\"@type\":\"ListItem\",\"position\":1,\"name\":\"Home\",\"item\":\"https:\\\/\\\/www.daldewolf.com\\\/fr\\\/\"},{\"@type\":\"ListItem\",\"position\":2,\"name\":\"DALDEWOLF d\u00e9fend la RTBF devant la Cour Constitutionnelle\"}]},{\"@type\":\"WebSite\",\"@id\":\"https:\\\/\\\/www.daldewolf.com\\\/nl\\\/#website\",\"url\":\"https:\\\/\\\/www.daldewolf.com\\\/nl\\\/\",\"name\":\"DALDEWOLF\",\"description\":\"Independant Law firm, Since 1958.\",\"publisher\":{\"@id\":\"https:\\\/\\\/www.daldewolf.com\\\/nl\\\/#organization\"},\"potentialAction\":[{\"@type\":\"SearchAction\",\"target\":{\"@type\":\"EntryPoint\",\"urlTemplate\":\"https:\\\/\\\/www.daldewolf.com\\\/nl\\\/?s={search_term_string}\"},\"query-input\":{\"@type\":\"PropertyValueSpecification\",\"valueRequired\":true,\"valueName\":\"search_term_string\"}}],\"inLanguage\":\"fr-FR\"},{\"@type\":\"Organization\",\"@id\":\"https:\\\/\\\/www.daldewolf.com\\\/nl\\\/#organization\",\"name\":\"DALDEWOLF\",\"url\":\"https:\\\/\\\/www.daldewolf.com\\\/nl\\\/\",\"logo\":{\"@type\":\"ImageObject\",\"inLanguage\":\"fr-FR\",\"@id\":\"https:\\\/\\\/www.daldewolf.com\\\/nl\\\/#\\\/schema\\\/logo\\\/image\\\/\",\"url\":\"https:\\\/\\\/www.daldewolf.com\\\/wp-content\\\/uploads\\\/2020\\\/05\\\/Logo-Daldewolf.png\",\"contentUrl\":\"https:\\\/\\\/www.daldewolf.com\\\/wp-content\\\/uploads\\\/2020\\\/05\\\/Logo-Daldewolf.png\",\"width\":320,\"height\":40,\"caption\":\"DALDEWOLF\"},\"image\":{\"@id\":\"https:\\\/\\\/www.daldewolf.com\\\/nl\\\/#\\\/schema\\\/logo\\\/image\\\/\"},\"sameAs\":[\"https:\\\/\\\/www.linkedin.com\\\/company\\\/10193320\"]},{\"@type\":\"Person\",\"@id\":\"https:\\\/\\\/www.daldewolf.com\\\/nl\\\/#\\\/schema\\\/person\\\/e3f911046ea6ce16d864e88be3452d83\",\"name\":\"Daldewolf-MathieuMaes\",\"image\":{\"@type\":\"ImageObject\",\"inLanguage\":\"fr-FR\",\"@id\":\"https:\\\/\\\/secure.gravatar.com\\\/avatar\\\/18f233dd88ab6bb96eecae41ac8cc5e3c24977d2c37825f063d12c83acaf0f69?s=96&d=mm&r=g\",\"url\":\"https:\\\/\\\/secure.gravatar.com\\\/avatar\\\/18f233dd88ab6bb96eecae41ac8cc5e3c24977d2c37825f063d12c83acaf0f69?s=96&d=mm&r=g\",\"contentUrl\":\"https:\\\/\\\/secure.gravatar.com\\\/avatar\\\/18f233dd88ab6bb96eecae41ac8cc5e3c24977d2c37825f063d12c83acaf0f69?s=96&d=mm&r=g\",\"caption\":\"Daldewolf-MathieuMaes\"},\"url\":\"https:\\\/\\\/www.daldewolf.com\\\/fr\\\/author\\\/daldewolf-mathieumaes\\\/\"}]}<\/script>\n<!-- \/ Yoast SEO plugin. -->","yoast_head_json":{"title":"DALDEWOLF d\u00e9fend la RTBF devant la Cour Constitutionnelle - DALDEWOLF","description":"Les obligations de service public dont est charg\u00e9e la RTBF justifient son r\u00e9gime fiscal particulier, a d\u00e9cid\u00e9 la Cour constitutionnelle.","robots":{"index":"index","follow":"follow","max-snippet":"max-snippet:-1","max-image-preview":"max-image-preview:large","max-video-preview":"max-video-preview:-1"},"canonical":"https:\/\/www.daldewolf.com\/fr\/daldewolf-defend-la-rtbf-devant-la-cour-constitutionnelle\/","og_locale":"fr_FR","og_type":"article","og_title":"DALDEWOLF d\u00e9fend la RTBF devant la Cour Constitutionnelle - DALDEWOLF","og_description":"Les obligations de service public dont est charg\u00e9e la RTBF justifient son r\u00e9gime fiscal particulier, a d\u00e9cid\u00e9 la Cour constitutionnelle.","og_url":"https:\/\/www.daldewolf.com\/fr\/daldewolf-defend-la-rtbf-devant-la-cour-constitutionnelle\/","og_site_name":"DALDEWOLF","article_published_time":"2022-09-23T08:48:04+00:00","article_modified_time":"2022-09-23T08:52:50+00:00","og_image":[{"width":1200,"height":1200,"url":"https:\/\/www.daldewolf.com\/wp-content\/uploads\/2022\/09\/20220923-OBE-RTBF.png","type":"image\/png"}],"author":"Daldewolf-MathieuMaes","twitter_card":"summary_large_image","twitter_misc":{"\u00c9crit par":"Daldewolf-MathieuMaes","Dur\u00e9e de lecture estim\u00e9e":"2 minutes"},"schema":{"@context":"https:\/\/schema.org","@graph":[{"@type":"Article","@id":"https:\/\/www.daldewolf.com\/fr\/daldewolf-defend-la-rtbf-devant-la-cour-constitutionnelle\/#article","isPartOf":{"@id":"https:\/\/www.daldewolf.com\/fr\/daldewolf-defend-la-rtbf-devant-la-cour-constitutionnelle\/"},"author":{"name":"Daldewolf-MathieuMaes","@id":"https:\/\/www.daldewolf.com\/nl\/#\/schema\/person\/e3f911046ea6ce16d864e88be3452d83"},"headline":"DALDEWOLF d\u00e9fend la RTBF devant la Cour Constitutionnelle","datePublished":"2022-09-23T08:48:04+00:00","dateModified":"2022-09-23T08:52:50+00:00","mainEntityOfPage":{"@id":"https:\/\/www.daldewolf.com\/fr\/daldewolf-defend-la-rtbf-devant-la-cour-constitutionnelle\/"},"wordCount":201,"publisher":{"@id":"https:\/\/www.daldewolf.com\/nl\/#organization"},"image":{"@id":"https:\/\/www.daldewolf.com\/fr\/daldewolf-defend-la-rtbf-devant-la-cour-constitutionnelle\/#primaryimage"},"thumbnailUrl":"https:\/\/www.daldewolf.com\/wp-content\/uploads\/2022\/09\/20220923-OBE-RTBF.png","articleSection":["knowhow"],"inLanguage":"fr-FR"},{"@type":"WebPage","@id":"https:\/\/www.daldewolf.com\/fr\/daldewolf-defend-la-rtbf-devant-la-cour-constitutionnelle\/","url":"https:\/\/www.daldewolf.com\/fr\/daldewolf-defend-la-rtbf-devant-la-cour-constitutionnelle\/","name":"DALDEWOLF d\u00e9fend la RTBF devant la Cour Constitutionnelle - DALDEWOLF","isPartOf":{"@id":"https:\/\/www.daldewolf.com\/nl\/#website"},"primaryImageOfPage":{"@id":"https:\/\/www.daldewolf.com\/fr\/daldewolf-defend-la-rtbf-devant-la-cour-constitutionnelle\/#primaryimage"},"image":{"@id":"https:\/\/www.daldewolf.com\/fr\/daldewolf-defend-la-rtbf-devant-la-cour-constitutionnelle\/#primaryimage"},"thumbnailUrl":"https:\/\/www.daldewolf.com\/wp-content\/uploads\/2022\/09\/20220923-OBE-RTBF.png","datePublished":"2022-09-23T08:48:04+00:00","dateModified":"2022-09-23T08:52:50+00:00","description":"Les obligations de service public dont est charg\u00e9e la RTBF justifient son r\u00e9gime fiscal particulier, a d\u00e9cid\u00e9 la Cour constitutionnelle.","breadcrumb":{"@id":"https:\/\/www.daldewolf.com\/fr\/daldewolf-defend-la-rtbf-devant-la-cour-constitutionnelle\/#breadcrumb"},"inLanguage":"fr-FR","potentialAction":[{"@type":"ReadAction","target":["https:\/\/www.daldewolf.com\/fr\/daldewolf-defend-la-rtbf-devant-la-cour-constitutionnelle\/"]}]},{"@type":"ImageObject","inLanguage":"fr-FR","@id":"https:\/\/www.daldewolf.com\/fr\/daldewolf-defend-la-rtbf-devant-la-cour-constitutionnelle\/#primaryimage","url":"https:\/\/www.daldewolf.com\/wp-content\/uploads\/2022\/09\/20220923-OBE-RTBF.png","contentUrl":"https:\/\/www.daldewolf.com\/wp-content\/uploads\/2022\/09\/20220923-OBE-RTBF.png","width":1200,"height":1200},{"@type":"BreadcrumbList","@id":"https:\/\/www.daldewolf.com\/fr\/daldewolf-defend-la-rtbf-devant-la-cour-constitutionnelle\/#breadcrumb","itemListElement":[{"@type":"ListItem","position":1,"name":"Home","item":"https:\/\/www.daldewolf.com\/fr\/"},{"@type":"ListItem","position":2,"name":"DALDEWOLF d\u00e9fend la RTBF devant la Cour Constitutionnelle"}]},{"@type":"WebSite","@id":"https:\/\/www.daldewolf.com\/nl\/#website","url":"https:\/\/www.daldewolf.com\/nl\/","name":"DALDEWOLF","description":"Independant Law firm, Since 1958.","publisher":{"@id":"https:\/\/www.daldewolf.com\/nl\/#organization"},"potentialAction":[{"@type":"SearchAction","target":{"@type":"EntryPoint","urlTemplate":"https:\/\/www.daldewolf.com\/nl\/?s={search_term_string}"},"query-input":{"@type":"PropertyValueSpecification","valueRequired":true,"valueName":"search_term_string"}}],"inLanguage":"fr-FR"},{"@type":"Organization","@id":"https:\/\/www.daldewolf.com\/nl\/#organization","name":"DALDEWOLF","url":"https:\/\/www.daldewolf.com\/nl\/","logo":{"@type":"ImageObject","inLanguage":"fr-FR","@id":"https:\/\/www.daldewolf.com\/nl\/#\/schema\/logo\/image\/","url":"https:\/\/www.daldewolf.com\/wp-content\/uploads\/2020\/05\/Logo-Daldewolf.png","contentUrl":"https:\/\/www.daldewolf.com\/wp-content\/uploads\/2020\/05\/Logo-Daldewolf.png","width":320,"height":40,"caption":"DALDEWOLF"},"image":{"@id":"https:\/\/www.daldewolf.com\/nl\/#\/schema\/logo\/image\/"},"sameAs":["https:\/\/www.linkedin.com\/company\/10193320"]},{"@type":"Person","@id":"https:\/\/www.daldewolf.com\/nl\/#\/schema\/person\/e3f911046ea6ce16d864e88be3452d83","name":"Daldewolf-MathieuMaes","image":{"@type":"ImageObject","inLanguage":"fr-FR","@id":"https:\/\/secure.gravatar.com\/avatar\/18f233dd88ab6bb96eecae41ac8cc5e3c24977d2c37825f063d12c83acaf0f69?s=96&d=mm&r=g","url":"https:\/\/secure.gravatar.com\/avatar\/18f233dd88ab6bb96eecae41ac8cc5e3c24977d2c37825f063d12c83acaf0f69?s=96&d=mm&r=g","contentUrl":"https:\/\/secure.gravatar.com\/avatar\/18f233dd88ab6bb96eecae41ac8cc5e3c24977d2c37825f063d12c83acaf0f69?s=96&d=mm&r=g","caption":"Daldewolf-MathieuMaes"},"url":"https:\/\/www.daldewolf.com\/fr\/author\/daldewolf-mathieumaes\/"}]}},"_links":{"self":[{"href":"https:\/\/www.daldewolf.com\/fr\/wp-json\/wp\/v2\/posts\/8336","targetHints":{"allow":["GET"]}}],"collection":[{"href":"https:\/\/www.daldewolf.com\/fr\/wp-json\/wp\/v2\/posts"}],"about":[{"href":"https:\/\/www.daldewolf.com\/fr\/wp-json\/wp\/v2\/types\/post"}],"author":[{"embeddable":true,"href":"https:\/\/www.daldewolf.com\/fr\/wp-json\/wp\/v2\/users\/5"}],"replies":[{"embeddable":true,"href":"https:\/\/www.daldewolf.com\/fr\/wp-json\/wp\/v2\/comments?post=8336"}],"version-history":[{"count":0,"href":"https:\/\/www.daldewolf.com\/fr\/wp-json\/wp\/v2\/posts\/8336\/revisions"}],"wp:featuredmedia":[{"embeddable":true,"href":"https:\/\/www.daldewolf.com\/fr\/wp-json\/wp\/v2\/media\/8337"}],"wp:attachment":[{"href":"https:\/\/www.daldewolf.com\/fr\/wp-json\/wp\/v2\/media?parent=8336"}],"wp:term":[{"taxonomy":"category","embeddable":true,"href":"https:\/\/www.daldewolf.com\/fr\/wp-json\/wp\/v2\/categories?post=8336"},{"taxonomy":"post_tag","embeddable":true,"href":"https:\/\/www.daldewolf.com\/fr\/wp-json\/wp\/v2\/tags?post=8336"}],"curies":[{"name":"wp","href":"https:\/\/api.w.org\/{rel}","templated":true}]}}