{"id":7342,"date":"2022-05-11T11:41:02","date_gmt":"2022-05-11T10:41:02","guid":{"rendered":"https:\/\/www.daldewolf.com\/?p=7342"},"modified":"2022-05-11T11:55:25","modified_gmt":"2022-05-11T10:55:25","slug":"daldewolf-renforce-son-equipe-avec-larrivee-darnaud-hoc","status":"publish","type":"post","link":"https:\/\/www.daldewolf.com\/fr\/daldewolf-renforce-son-equipe-avec-larrivee-darnaud-hoc\/","title":{"rendered":"DALDEWOLF renforce son \u00e9quipe avec l\u2019arriv\u00e9e d\u2019Arnaud Hoc"},"content":{"rendered":"<p><strong>Marc Dal, qui dirige la pratique <a href=\"https:\/\/www.daldewolf.com\/expertise\/pratiques\/arbitrage-litiges-complexes-et-mediation\/\">Arbitrage, litiges complexes et m\u00e9diation<\/a><\/strong>\u00a0<strong>de DALDEWOLF, est heureux d\u2019annoncer l\u2019arriv\u00e9e d\u2019Arnaud Hoc. <\/strong><\/p>\n<p><img loading=\"lazy\" decoding=\"async\" class=\"alignright size-thumblist wp-image-7343\" src=\"https:\/\/www.daldewolf.com\/wp-content\/uploads\/2022\/05\/20220511-MD-AHO2-300x300.png\" alt=\"\" width=\"300\" height=\"300\" srcset=\"https:\/\/www.daldewolf.com\/wp-content\/uploads\/2022\/05\/20220511-MD-AHO2-300x300.png 300w, https:\/\/www.daldewolf.com\/wp-content\/uploads\/2022\/05\/20220511-MD-AHO2-1024x1024.png 1024w, https:\/\/www.daldewolf.com\/wp-content\/uploads\/2022\/05\/20220511-MD-AHO2-150x150.png 150w, https:\/\/www.daldewolf.com\/wp-content\/uploads\/2022\/05\/20220511-MD-AHO2-600x600.png 600w\" sizes=\"auto, (max-width: 300px) 100vw, 300px\" \/>Arnaud Hoc est sp\u00e9cialiste des questions de proc\u00e9dure, en particulier en mati\u00e8re civile et commerciale. Docteur en sciences juridiques (UCLouvain, 2018), il enseigne le droit judiciaire et le droit des contrats \u00e0 l\u2019Universit\u00e9 catholique de Louvain et \u00e0 l\u2019Universit\u00e9 Saint-Louis Bruxelles, et est l\u2019auteur de nombreuses publications de r\u00e9f\u00e9rence, sp\u00e9cialement en mati\u00e8re de voies de recours. Arnaud dirige en outre la <a href=\"https:\/\/www.larcier.com\/fr\/catalogue.html?collection_name=Droit+actuel\" target=\"_blank\" rel=\"noopener\">collection Droit actuel<\/a>, publi\u00e9e aux \u00e9ditions Larcier.<\/p>\n<p>Marc Dal : &#8220;<em>Nous nous r\u00e9jouissons de renforcer la forte position de notre \u00e9quipe avec Arnaud.<\/em>&#8221;<\/p>\n<p>Bienvenue chez DALDEWOLF, Arnaud!<\/p>\n<p>&nbsp;<\/p>\n<p>***<\/p>\n<p>DALDEWOLF est un cabinet d\u2019avocats reconnu dans ses domaines d\u2019expertise : corporate M&amp;A, arbitrage, contentieux complexe, m\u00e9diation, droit de l\u2019Union europ\u00e9enne, droit fiscal, droit social, insolvabilit\u00e9, droit public et administratif, droit alimentaire, droit de la construction et immobilier.<br \/>\nAvec aujourd\u2019hui plus de 40 avocats dans ses bureaux de Bruxelles et de Kinshasa, DALDEWOLF r\u00e9pond \u00e0 l\u2019\u00e9volution du monde et aux besoins de ses clients depuis 1958.<br \/>\nAu niveau international, DALDEWOLF a tiss\u00e9 des liens privil\u00e9gi\u00e9s avec des professionnels du droit et du chiffre des cinq continents, qui partagent les valeurs d\u2019ind\u00e9pendance et d\u2019exigence de qualit\u00e9 du cabinet.<\/p>\n","protected":false},"excerpt":{"rendered":"<p>Marc Dal, qui dirige la pratique Arbitrage, litiges complexes et m\u00e9diation\u00a0de DALDEWOLF, est heureux d\u2019annoncer l\u2019arriv\u00e9e d\u2019Arnaud Hoc. Arnaud Hoc est sp\u00e9cialiste des questions de proc\u00e9dure, en particulier en mati\u00e8re civile et commerciale. Docteur en sciences juridiques (UCLouvain, 2018), il enseigne le droit judiciaire et le droit des contrats \u00e0 l\u2019Universit\u00e9 catholique de Louvain et&#8230;<\/p>\n","protected":false},"author":5,"featured_media":7343,"comment_status":"closed","ping_status":"closed","sticky":false,"template":"","format":"standard","meta":{"_acf_changed":false,"footnotes":""},"categories":[58],"tags":[],"class_list":["post-7342","post","type-post","status-publish","format-standard","has-post-thumbnail","hentry","category-news"],"acf":[],"yoast_head":"<!-- This site is optimized with the Yoast SEO plugin v27.4 - https:\/\/yoast.com\/product\/yoast-seo-wordpress\/ -->\n<title>DALDEWOLF renforce son \u00e9quipe avec l\u2019arriv\u00e9e d\u2019Arnaud Hoc - DALDEWOLF<\/title>\n<meta name=\"description\" content=\"Marc Dal, qui dirige la pratique Arbitrage, litiges complexes et m\u00e9diation\u00a0de DALDEWOLF, est heureux d\u2019annoncer l\u2019arriv\u00e9e d\u2019Arnaud Hoc.\" \/>\n<meta name=\"robots\" content=\"index, follow, max-snippet:-1, max-image-preview:large, max-video-preview:-1\" \/>\n<link rel=\"canonical\" href=\"https:\/\/www.daldewolf.com\/fr\/daldewolf-renforce-son-equipe-avec-larrivee-darnaud-hoc\/\" \/>\n<meta property=\"og:locale\" content=\"fr_FR\" \/>\n<meta property=\"og:type\" content=\"article\" \/>\n<meta property=\"og:title\" content=\"DALDEWOLF renforce son \u00e9quipe avec l\u2019arriv\u00e9e d\u2019Arnaud Hoc - DALDEWOLF\" \/>\n<meta property=\"og:description\" content=\"Marc Dal, qui dirige la pratique Arbitrage, litiges complexes et m\u00e9diation\u00a0de DALDEWOLF, est heureux d\u2019annoncer l\u2019arriv\u00e9e d\u2019Arnaud Hoc.\" \/>\n<meta property=\"og:url\" content=\"https:\/\/www.daldewolf.com\/fr\/daldewolf-renforce-son-equipe-avec-larrivee-darnaud-hoc\/\" \/>\n<meta property=\"og:site_name\" content=\"DALDEWOLF\" \/>\n<meta property=\"article:published_time\" content=\"2022-05-11T10:41:02+00:00\" \/>\n<meta property=\"article:modified_time\" content=\"2022-05-11T10:55:25+00:00\" \/>\n<meta property=\"og:image\" content=\"https:\/\/www.daldewolf.com\/wp-content\/uploads\/2022\/05\/20220511-MD-AHO2-1024x1024.png\" \/>\n\t<meta property=\"og:image:width\" content=\"1024\" \/>\n\t<meta property=\"og:image:height\" content=\"1024\" \/>\n\t<meta property=\"og:image:type\" content=\"image\/png\" \/>\n<meta name=\"author\" content=\"Daldewolf-MathieuMaes\" \/>\n<meta name=\"twitter:card\" content=\"summary_large_image\" \/>\n<meta name=\"twitter:label1\" content=\"\u00c9crit par\" \/>\n\t<meta name=\"twitter:data1\" content=\"Daldewolf-MathieuMaes\" \/>\n\t<meta name=\"twitter:label2\" content=\"Dur\u00e9e de lecture estim\u00e9e\" \/>\n\t<meta name=\"twitter:data2\" content=\"2 minutes\" \/>\n<script type=\"application\/ld+json\" class=\"yoast-schema-graph\">{\"@context\":\"https:\\\/\\\/schema.org\",\"@graph\":[{\"@type\":\"Article\",\"@id\":\"https:\\\/\\\/www.daldewolf.com\\\/fr\\\/daldewolf-renforce-son-equipe-avec-larrivee-darnaud-hoc\\\/#article\",\"isPartOf\":{\"@id\":\"https:\\\/\\\/www.daldewolf.com\\\/fr\\\/daldewolf-renforce-son-equipe-avec-larrivee-darnaud-hoc\\\/\"},\"author\":{\"name\":\"Daldewolf-MathieuMaes\",\"@id\":\"https:\\\/\\\/www.daldewolf.com\\\/nl\\\/#\\\/schema\\\/person\\\/e3f911046ea6ce16d864e88be3452d83\"},\"headline\":\"DALDEWOLF renforce son \u00e9quipe avec l\u2019arriv\u00e9e d\u2019Arnaud Hoc\",\"datePublished\":\"2022-05-11T10:41:02+00:00\",\"dateModified\":\"2022-05-11T10:55:25+00:00\",\"mainEntityOfPage\":{\"@id\":\"https:\\\/\\\/www.daldewolf.com\\\/fr\\\/daldewolf-renforce-son-equipe-avec-larrivee-darnaud-hoc\\\/\"},\"wordCount\":240,\"publisher\":{\"@id\":\"https:\\\/\\\/www.daldewolf.com\\\/nl\\\/#organization\"},\"image\":{\"@id\":\"https:\\\/\\\/www.daldewolf.com\\\/fr\\\/daldewolf-renforce-son-equipe-avec-larrivee-darnaud-hoc\\\/#primaryimage\"},\"thumbnailUrl\":\"https:\\\/\\\/www.daldewolf.com\\\/wp-content\\\/uploads\\\/2022\\\/05\\\/20220511-MD-AHO2.png\",\"articleSection\":[\"news\"],\"inLanguage\":\"fr-FR\"},{\"@type\":\"WebPage\",\"@id\":\"https:\\\/\\\/www.daldewolf.com\\\/fr\\\/daldewolf-renforce-son-equipe-avec-larrivee-darnaud-hoc\\\/\",\"url\":\"https:\\\/\\\/www.daldewolf.com\\\/fr\\\/daldewolf-renforce-son-equipe-avec-larrivee-darnaud-hoc\\\/\",\"name\":\"DALDEWOLF renforce son \u00e9quipe avec l\u2019arriv\u00e9e d\u2019Arnaud Hoc - DALDEWOLF\",\"isPartOf\":{\"@id\":\"https:\\\/\\\/www.daldewolf.com\\\/nl\\\/#website\"},\"primaryImageOfPage\":{\"@id\":\"https:\\\/\\\/www.daldewolf.com\\\/fr\\\/daldewolf-renforce-son-equipe-avec-larrivee-darnaud-hoc\\\/#primaryimage\"},\"image\":{\"@id\":\"https:\\\/\\\/www.daldewolf.com\\\/fr\\\/daldewolf-renforce-son-equipe-avec-larrivee-darnaud-hoc\\\/#primaryimage\"},\"thumbnailUrl\":\"https:\\\/\\\/www.daldewolf.com\\\/wp-content\\\/uploads\\\/2022\\\/05\\\/20220511-MD-AHO2.png\",\"datePublished\":\"2022-05-11T10:41:02+00:00\",\"dateModified\":\"2022-05-11T10:55:25+00:00\",\"description\":\"Marc Dal, qui dirige la pratique Arbitrage, litiges complexes et m\u00e9diation\u00a0de DALDEWOLF, est heureux d\u2019annoncer l\u2019arriv\u00e9e d\u2019Arnaud Hoc.\",\"breadcrumb\":{\"@id\":\"https:\\\/\\\/www.daldewolf.com\\\/fr\\\/daldewolf-renforce-son-equipe-avec-larrivee-darnaud-hoc\\\/#breadcrumb\"},\"inLanguage\":\"fr-FR\",\"potentialAction\":[{\"@type\":\"ReadAction\",\"target\":[\"https:\\\/\\\/www.daldewolf.com\\\/fr\\\/daldewolf-renforce-son-equipe-avec-larrivee-darnaud-hoc\\\/\"]}]},{\"@type\":\"ImageObject\",\"inLanguage\":\"fr-FR\",\"@id\":\"https:\\\/\\\/www.daldewolf.com\\\/fr\\\/daldewolf-renforce-son-equipe-avec-larrivee-darnaud-hoc\\\/#primaryimage\",\"url\":\"https:\\\/\\\/www.daldewolf.com\\\/wp-content\\\/uploads\\\/2022\\\/05\\\/20220511-MD-AHO2.png\",\"contentUrl\":\"https:\\\/\\\/www.daldewolf.com\\\/wp-content\\\/uploads\\\/2022\\\/05\\\/20220511-MD-AHO2.png\",\"width\":2400,\"height\":2400},{\"@type\":\"BreadcrumbList\",\"@id\":\"https:\\\/\\\/www.daldewolf.com\\\/fr\\\/daldewolf-renforce-son-equipe-avec-larrivee-darnaud-hoc\\\/#breadcrumb\",\"itemListElement\":[{\"@type\":\"ListItem\",\"position\":1,\"name\":\"Home\",\"item\":\"https:\\\/\\\/www.daldewolf.com\\\/fr\\\/\"},{\"@type\":\"ListItem\",\"position\":2,\"name\":\"DALDEWOLF renforce son \u00e9quipe avec l\u2019arriv\u00e9e d\u2019Arnaud Hoc\"}]},{\"@type\":\"WebSite\",\"@id\":\"https:\\\/\\\/www.daldewolf.com\\\/nl\\\/#website\",\"url\":\"https:\\\/\\\/www.daldewolf.com\\\/nl\\\/\",\"name\":\"DALDEWOLF\",\"description\":\"Independant Law firm, Since 1958.\",\"publisher\":{\"@id\":\"https:\\\/\\\/www.daldewolf.com\\\/nl\\\/#organization\"},\"potentialAction\":[{\"@type\":\"SearchAction\",\"target\":{\"@type\":\"EntryPoint\",\"urlTemplate\":\"https:\\\/\\\/www.daldewolf.com\\\/nl\\\/?s={search_term_string}\"},\"query-input\":{\"@type\":\"PropertyValueSpecification\",\"valueRequired\":true,\"valueName\":\"search_term_string\"}}],\"inLanguage\":\"fr-FR\"},{\"@type\":\"Organization\",\"@id\":\"https:\\\/\\\/www.daldewolf.com\\\/nl\\\/#organization\",\"name\":\"DALDEWOLF\",\"url\":\"https:\\\/\\\/www.daldewolf.com\\\/nl\\\/\",\"logo\":{\"@type\":\"ImageObject\",\"inLanguage\":\"fr-FR\",\"@id\":\"https:\\\/\\\/www.daldewolf.com\\\/nl\\\/#\\\/schema\\\/logo\\\/image\\\/\",\"url\":\"https:\\\/\\\/www.daldewolf.com\\\/wp-content\\\/uploads\\\/2020\\\/05\\\/Logo-Daldewolf.png\",\"contentUrl\":\"https:\\\/\\\/www.daldewolf.com\\\/wp-content\\\/uploads\\\/2020\\\/05\\\/Logo-Daldewolf.png\",\"width\":320,\"height\":40,\"caption\":\"DALDEWOLF\"},\"image\":{\"@id\":\"https:\\\/\\\/www.daldewolf.com\\\/nl\\\/#\\\/schema\\\/logo\\\/image\\\/\"},\"sameAs\":[\"https:\\\/\\\/www.linkedin.com\\\/company\\\/10193320\"]},{\"@type\":\"Person\",\"@id\":\"https:\\\/\\\/www.daldewolf.com\\\/nl\\\/#\\\/schema\\\/person\\\/e3f911046ea6ce16d864e88be3452d83\",\"name\":\"Daldewolf-MathieuMaes\",\"image\":{\"@type\":\"ImageObject\",\"inLanguage\":\"fr-FR\",\"@id\":\"https:\\\/\\\/secure.gravatar.com\\\/avatar\\\/18f233dd88ab6bb96eecae41ac8cc5e3c24977d2c37825f063d12c83acaf0f69?s=96&d=mm&r=g\",\"url\":\"https:\\\/\\\/secure.gravatar.com\\\/avatar\\\/18f233dd88ab6bb96eecae41ac8cc5e3c24977d2c37825f063d12c83acaf0f69?s=96&d=mm&r=g\",\"contentUrl\":\"https:\\\/\\\/secure.gravatar.com\\\/avatar\\\/18f233dd88ab6bb96eecae41ac8cc5e3c24977d2c37825f063d12c83acaf0f69?s=96&d=mm&r=g\",\"caption\":\"Daldewolf-MathieuMaes\"},\"url\":\"https:\\\/\\\/www.daldewolf.com\\\/fr\\\/author\\\/daldewolf-mathieumaes\\\/\"}]}<\/script>\n<!-- \/ Yoast SEO plugin. -->","yoast_head_json":{"title":"DALDEWOLF renforce son \u00e9quipe avec l\u2019arriv\u00e9e d\u2019Arnaud Hoc - DALDEWOLF","description":"Marc Dal, qui dirige la pratique Arbitrage, litiges complexes et m\u00e9diation\u00a0de DALDEWOLF, est heureux d\u2019annoncer l\u2019arriv\u00e9e d\u2019Arnaud Hoc.","robots":{"index":"index","follow":"follow","max-snippet":"max-snippet:-1","max-image-preview":"max-image-preview:large","max-video-preview":"max-video-preview:-1"},"canonical":"https:\/\/www.daldewolf.com\/fr\/daldewolf-renforce-son-equipe-avec-larrivee-darnaud-hoc\/","og_locale":"fr_FR","og_type":"article","og_title":"DALDEWOLF renforce son \u00e9quipe avec l\u2019arriv\u00e9e d\u2019Arnaud Hoc - DALDEWOLF","og_description":"Marc Dal, qui dirige la pratique Arbitrage, litiges complexes et m\u00e9diation\u00a0de DALDEWOLF, est heureux d\u2019annoncer l\u2019arriv\u00e9e d\u2019Arnaud Hoc.","og_url":"https:\/\/www.daldewolf.com\/fr\/daldewolf-renforce-son-equipe-avec-larrivee-darnaud-hoc\/","og_site_name":"DALDEWOLF","article_published_time":"2022-05-11T10:41:02+00:00","article_modified_time":"2022-05-11T10:55:25+00:00","og_image":[{"width":1024,"height":1024,"url":"https:\/\/www.daldewolf.com\/wp-content\/uploads\/2022\/05\/20220511-MD-AHO2-1024x1024.png","type":"image\/png"}],"author":"Daldewolf-MathieuMaes","twitter_card":"summary_large_image","twitter_misc":{"\u00c9crit par":"Daldewolf-MathieuMaes","Dur\u00e9e de lecture estim\u00e9e":"2 minutes"},"schema":{"@context":"https:\/\/schema.org","@graph":[{"@type":"Article","@id":"https:\/\/www.daldewolf.com\/fr\/daldewolf-renforce-son-equipe-avec-larrivee-darnaud-hoc\/#article","isPartOf":{"@id":"https:\/\/www.daldewolf.com\/fr\/daldewolf-renforce-son-equipe-avec-larrivee-darnaud-hoc\/"},"author":{"name":"Daldewolf-MathieuMaes","@id":"https:\/\/www.daldewolf.com\/nl\/#\/schema\/person\/e3f911046ea6ce16d864e88be3452d83"},"headline":"DALDEWOLF renforce son \u00e9quipe avec l\u2019arriv\u00e9e d\u2019Arnaud Hoc","datePublished":"2022-05-11T10:41:02+00:00","dateModified":"2022-05-11T10:55:25+00:00","mainEntityOfPage":{"@id":"https:\/\/www.daldewolf.com\/fr\/daldewolf-renforce-son-equipe-avec-larrivee-darnaud-hoc\/"},"wordCount":240,"publisher":{"@id":"https:\/\/www.daldewolf.com\/nl\/#organization"},"image":{"@id":"https:\/\/www.daldewolf.com\/fr\/daldewolf-renforce-son-equipe-avec-larrivee-darnaud-hoc\/#primaryimage"},"thumbnailUrl":"https:\/\/www.daldewolf.com\/wp-content\/uploads\/2022\/05\/20220511-MD-AHO2.png","articleSection":["news"],"inLanguage":"fr-FR"},{"@type":"WebPage","@id":"https:\/\/www.daldewolf.com\/fr\/daldewolf-renforce-son-equipe-avec-larrivee-darnaud-hoc\/","url":"https:\/\/www.daldewolf.com\/fr\/daldewolf-renforce-son-equipe-avec-larrivee-darnaud-hoc\/","name":"DALDEWOLF renforce son \u00e9quipe avec l\u2019arriv\u00e9e d\u2019Arnaud Hoc - DALDEWOLF","isPartOf":{"@id":"https:\/\/www.daldewolf.com\/nl\/#website"},"primaryImageOfPage":{"@id":"https:\/\/www.daldewolf.com\/fr\/daldewolf-renforce-son-equipe-avec-larrivee-darnaud-hoc\/#primaryimage"},"image":{"@id":"https:\/\/www.daldewolf.com\/fr\/daldewolf-renforce-son-equipe-avec-larrivee-darnaud-hoc\/#primaryimage"},"thumbnailUrl":"https:\/\/www.daldewolf.com\/wp-content\/uploads\/2022\/05\/20220511-MD-AHO2.png","datePublished":"2022-05-11T10:41:02+00:00","dateModified":"2022-05-11T10:55:25+00:00","description":"Marc Dal, qui dirige la pratique Arbitrage, litiges complexes et m\u00e9diation\u00a0de DALDEWOLF, est heureux d\u2019annoncer l\u2019arriv\u00e9e d\u2019Arnaud Hoc.","breadcrumb":{"@id":"https:\/\/www.daldewolf.com\/fr\/daldewolf-renforce-son-equipe-avec-larrivee-darnaud-hoc\/#breadcrumb"},"inLanguage":"fr-FR","potentialAction":[{"@type":"ReadAction","target":["https:\/\/www.daldewolf.com\/fr\/daldewolf-renforce-son-equipe-avec-larrivee-darnaud-hoc\/"]}]},{"@type":"ImageObject","inLanguage":"fr-FR","@id":"https:\/\/www.daldewolf.com\/fr\/daldewolf-renforce-son-equipe-avec-larrivee-darnaud-hoc\/#primaryimage","url":"https:\/\/www.daldewolf.com\/wp-content\/uploads\/2022\/05\/20220511-MD-AHO2.png","contentUrl":"https:\/\/www.daldewolf.com\/wp-content\/uploads\/2022\/05\/20220511-MD-AHO2.png","width":2400,"height":2400},{"@type":"BreadcrumbList","@id":"https:\/\/www.daldewolf.com\/fr\/daldewolf-renforce-son-equipe-avec-larrivee-darnaud-hoc\/#breadcrumb","itemListElement":[{"@type":"ListItem","position":1,"name":"Home","item":"https:\/\/www.daldewolf.com\/fr\/"},{"@type":"ListItem","position":2,"name":"DALDEWOLF renforce son \u00e9quipe avec l\u2019arriv\u00e9e d\u2019Arnaud Hoc"}]},{"@type":"WebSite","@id":"https:\/\/www.daldewolf.com\/nl\/#website","url":"https:\/\/www.daldewolf.com\/nl\/","name":"DALDEWOLF","description":"Independant Law firm, Since 1958.","publisher":{"@id":"https:\/\/www.daldewolf.com\/nl\/#organization"},"potentialAction":[{"@type":"SearchAction","target":{"@type":"EntryPoint","urlTemplate":"https:\/\/www.daldewolf.com\/nl\/?s={search_term_string}"},"query-input":{"@type":"PropertyValueSpecification","valueRequired":true,"valueName":"search_term_string"}}],"inLanguage":"fr-FR"},{"@type":"Organization","@id":"https:\/\/www.daldewolf.com\/nl\/#organization","name":"DALDEWOLF","url":"https:\/\/www.daldewolf.com\/nl\/","logo":{"@type":"ImageObject","inLanguage":"fr-FR","@id":"https:\/\/www.daldewolf.com\/nl\/#\/schema\/logo\/image\/","url":"https:\/\/www.daldewolf.com\/wp-content\/uploads\/2020\/05\/Logo-Daldewolf.png","contentUrl":"https:\/\/www.daldewolf.com\/wp-content\/uploads\/2020\/05\/Logo-Daldewolf.png","width":320,"height":40,"caption":"DALDEWOLF"},"image":{"@id":"https:\/\/www.daldewolf.com\/nl\/#\/schema\/logo\/image\/"},"sameAs":["https:\/\/www.linkedin.com\/company\/10193320"]},{"@type":"Person","@id":"https:\/\/www.daldewolf.com\/nl\/#\/schema\/person\/e3f911046ea6ce16d864e88be3452d83","name":"Daldewolf-MathieuMaes","image":{"@type":"ImageObject","inLanguage":"fr-FR","@id":"https:\/\/secure.gravatar.com\/avatar\/18f233dd88ab6bb96eecae41ac8cc5e3c24977d2c37825f063d12c83acaf0f69?s=96&d=mm&r=g","url":"https:\/\/secure.gravatar.com\/avatar\/18f233dd88ab6bb96eecae41ac8cc5e3c24977d2c37825f063d12c83acaf0f69?s=96&d=mm&r=g","contentUrl":"https:\/\/secure.gravatar.com\/avatar\/18f233dd88ab6bb96eecae41ac8cc5e3c24977d2c37825f063d12c83acaf0f69?s=96&d=mm&r=g","caption":"Daldewolf-MathieuMaes"},"url":"https:\/\/www.daldewolf.com\/fr\/author\/daldewolf-mathieumaes\/"}]}},"_links":{"self":[{"href":"https:\/\/www.daldewolf.com\/fr\/wp-json\/wp\/v2\/posts\/7342","targetHints":{"allow":["GET"]}}],"collection":[{"href":"https:\/\/www.daldewolf.com\/fr\/wp-json\/wp\/v2\/posts"}],"about":[{"href":"https:\/\/www.daldewolf.com\/fr\/wp-json\/wp\/v2\/types\/post"}],"author":[{"embeddable":true,"href":"https:\/\/www.daldewolf.com\/fr\/wp-json\/wp\/v2\/users\/5"}],"replies":[{"embeddable":true,"href":"https:\/\/www.daldewolf.com\/fr\/wp-json\/wp\/v2\/comments?post=7342"}],"version-history":[{"count":0,"href":"https:\/\/www.daldewolf.com\/fr\/wp-json\/wp\/v2\/posts\/7342\/revisions"}],"wp:featuredmedia":[{"embeddable":true,"href":"https:\/\/www.daldewolf.com\/fr\/wp-json\/wp\/v2\/media\/7343"}],"wp:attachment":[{"href":"https:\/\/www.daldewolf.com\/fr\/wp-json\/wp\/v2\/media?parent=7342"}],"wp:term":[{"taxonomy":"category","embeddable":true,"href":"https:\/\/www.daldewolf.com\/fr\/wp-json\/wp\/v2\/categories?post=7342"},{"taxonomy":"post_tag","embeddable":true,"href":"https:\/\/www.daldewolf.com\/fr\/wp-json\/wp\/v2\/tags?post=7342"}],"curies":[{"name":"wp","href":"https:\/\/api.w.org\/{rel}","templated":true}]}}