{"id":6347,"date":"2022-03-18T15:52:47","date_gmt":"2022-03-18T14:52:47","guid":{"rendered":"https:\/\/www.daldewolf.com\/le-cabinet-daldewolf-est-reconnu-dans-ledition-2022-de-chambers-europe\/"},"modified":"2022-03-18T15:52:51","modified_gmt":"2022-03-18T14:52:51","slug":"le-cabinet-daldewolf-est-reconnu-dans-ledition-2022-de-chambers-europe","status":"publish","type":"post","link":"https:\/\/www.daldewolf.com\/fr\/le-cabinet-daldewolf-est-reconnu-dans-ledition-2022-de-chambers-europe\/","title":{"rendered":"Le cabinet DALDEWOLF est reconnu dans l&#8217;\u00e9dition 2022 de Chambers Europe"},"content":{"rendered":"<p><strong><img loading=\"lazy\" decoding=\"async\" class=\"aligncenter wp-image-6337\" src=\"https:\/\/www.daldewolf.com\/wp-content\/uploads\/2022\/03\/20220318-CHAMBERS-EUROPE.png\" alt=\"\" width=\"700\" height=\"233\" srcset=\"https:\/\/www.daldewolf.com\/wp-content\/uploads\/2022\/03\/20220318-CHAMBERS-EUROPE.png 3600w, https:\/\/www.daldewolf.com\/wp-content\/uploads\/2022\/03\/20220318-CHAMBERS-EUROPE-300x100.png 300w, https:\/\/www.daldewolf.com\/wp-content\/uploads\/2022\/03\/20220318-CHAMBERS-EUROPE-1024x341.png 1024w\" sizes=\"auto, (max-width: 700px) 100vw, 700px\" \/><\/strong><\/p>\n<p><strong>Dans l&#8217;\u00e9dition 2022 de Chambers Europe, DALDEWOLF a acquis <a href=\"https:\/\/chambers.com\/law-firm\/daldewolf-europe-7:170368\" target=\"_blank\" rel=\"noopener\">3 classements individuels<\/a><\/strong>: Aude Mahy, Marc Dal and Patrick Van Leynseele.<\/p>\n<p>Dirigeant l&#8217;\u00e9quipe <a href=\"https:\/\/www.daldewolf.com\/expertise\/secteurs\/food-and-beverage\/\">Droit alimentaire<\/a> <strong><a href=\"https:\/\/www.daldewolf.com\/en\/team\/aude-mahy\/\">Aude Mahy<\/a><\/strong> est class\u00e9e parmi les meilleurs avocats du <em>Regulatory: Agro\/Food &#8211; Europe-wide<\/em> de l&#8217;\u00e9dition 2022. Aude est reconnue pour son expertise consid\u00e9rable dans ses conseils \u00e0 des clients aux niveaux belges et de l&#8217;Union europ\u00e9enne, dans des questions litigieuses et non litigeuses, comprenant entre autres la fraude alimentaire et l&#8217;\u00e9tiquettage. Une source la d\u00e9crit comme &#8220;<em>tr\u00e8s talentueuse et digne de confiance.<\/em>&#8221;<\/p>\n<p>En plus de <a href=\"https:\/\/www.daldewolf.com\/en\/chambers-global-daldewolf-2022-arbitration-litigation-corporate-law\/\">son classement dans Chambers Global 2022<\/a>, <strong><a href=\"https:\/\/www.daldewolf.com\/equipe\/marc-dal\/\">Marc Dal<\/a><\/strong>, qui dirige la\u00a0<a href=\"https:\/\/www.daldewolf.com\/expertise\/pratiques\/arbitrage-litiges-complexes-et-mediation\/\">pratique du contentieux<\/a> est class\u00e9 parmi l\u2019\u00e9lite des practiciens de l\u2019arbitrage en Belgique. Sur son <em>Dispute Resolution: Arbitration in Belgium<\/em> <em>lawyer profile for Europe 2022<\/em>, Marc est d\u00e9crit comme \u00e9tant admir\u00e9 pour \u00eatre \u201cexcellent dans ce qu\u2019il fait\u201d.<\/p>\n<p>Idem pour <strong><a href=\"https:\/\/www.daldewolf.com\/equipe\/patrick-van-leynseele\/\">Patrick Van Leynseele<\/a><\/strong> qui est, \u00e0 nouveau reconnu comme un m\u00e9diateur tr\u00e8s appr\u00e9ci\u00e9 sur son <em>Dispute Resolution: Arbitration in Belgium lawyer profile for Europe 2022<\/em>, avec des sources disant que \u201c<em>chaque fois que nous avons besoin d\u2019un m\u00e9diateur dans un gros dossier avec des clients internationaux, je choisirais Patrick Van Leynseele<\/em>\u201d. Le profil pr\u00e9cise que Patrick a de l&#8217;exp\u00e9rience dans le conseil aux clients des industries pharmaceutique, automobile et logistique.<\/p>\n<p>Dans les <a href=\"https:\/\/www.daldewolf.com\/le-cabinet-daldewolf-est-reconnu-dans-ledition-2022-de-chambers-global\/\">classements Chambers Global 2022<\/a>, le Managing Partner et co-dirigeant de l\u2019\u00e9quipe <a href=\"https:\/\/www.daldewolf.com\/expertise\/pratiques\/droit-des-societes-et-financier\/\">Droit des Soci\u00e9t\u00e9 et Financier<\/a> <a href=\"https:\/\/www.daldewolf.com\/equipe\/patrick-de-wolf\/\"><strong>Patrick De Wolf<\/strong><\/a> avait re\u00e7u des louanges dans la cat\u00e9gorie <em>General Business Law \u2013 Congo Democratic Republic of Congo<\/em> pour sa solide exp\u00e9rience dans l\u2019arbitrage national et international et pour la r\u00e9putation de longue date de son implication en RDC. Et notre \u00e9quipe de Kinshasa avait fait partie du groupe tr\u00e8s s\u00e9lect des quelques cabinets class\u00e9s dans la pratique General Business Law. <a href=\"https:\/\/chambers.com\/department\/daldewolf-general-business-law-global-2:852:63:1:170368\" target=\"_blank\" rel=\"noopener\">Chambers Global avait fait les \u00e9loges de DALDEWOLF pour son expertise significative en RDC<\/a>, avec une connaissance consid\u00e9rable du droit OHADA. Chambers affirmait que notre expertise s\u2019\u00e9tend jusqu\u2019au d\u00e9veloppement et au financement de projets dans les secteurs de l\u2019\u00e9nergie, des ressources naturelles et des infrastructures, ajoutant que l\u2019\u00e9quipe poss\u00e8de en outre une exp\u00e9rience en mati\u00e8re transactionnelle, en faisant appel aux ressources de son bureau de Bruxelles quand c\u2019est n\u00e9cessaire. Romain Battajon, bas\u00e9 \u00e0 Kinshasa, fut cit\u00e9 un contact cl\u00e9 au sein du cabinet et mentionn\u00e9 par Chambers Global comme Praticien Notable.<\/p>\n<p><a href=\"https:\/\/chambers.com\/legal-guide\/europe-7\" target=\"_blank\" rel=\"noopener\">Chambers Europe<\/a> classe les principaux avocats et cabinets d&#8217;avocats \u00e0 travers l&#8217;Europe, fournissant des analyses et des informations de march\u00e9 inestimables aux clients des cabinets d&#8217;avocats et aux professionnels du droit.<\/p>\n<p>&#8212;<\/p>\n<p>DALDEWOLF est un cabinet d\u2019avocats d\u2019affaires fond\u00e9 en 1958, qui s\u2019est constamment efforc\u00e9 d\u2019\u00eatre en phase avec l\u2019\u00e9volution du monde et les besoins n\u00e9cessairement changeants de ses clients. Nos \u00e9quipes traitent certaines des transactions les plus complexes et les plus exigeantes en Belgique, en R\u00e9publique d\u00e9mocratique du Congo (nous avons un bureau \u00e0 Kinshasa depuis 2018) et dans le monde entier.<br \/>\nDALDEWOLF b\u00e9n\u00e9ficie d\u2019une exp\u00e9rience significative en mati\u00e8re de gestion de contentieux entre actionnaires\/associ\u00e9s ou impliquant des dirigeants d\u2019entreprises et, plus g\u00e9n\u00e9ralement, de contentieux, d\u2019arbitrage et de m\u00e9diation dans le domaine de l\u2019entreprise.<br \/>\nDALDEWOLF a une solide r\u00e9putation pour d\u00e9fendre les int\u00e9r\u00eats des entreprises familiales dans tous les secteurs de l\u2019industrie, y compris l\u2019alimentation et les boissons, les mines et carri\u00e8res, la biotechnologie et l\u2019immobilier.<\/p>\n<p>&nbsp;<\/p>\n","protected":false},"excerpt":{"rendered":"<p>Dans l&#8217;\u00e9dition 2022 de Chambers Europe, DALDEWOLF a acquis 3 classements individuels: Aude Mahy, Marc Dal and Patrick Van Leynseele. Dirigeant l&#8217;\u00e9quipe Droit alimentaire Aude Mahy est class\u00e9e parmi les meilleurs avocats du Regulatory: Agro\/Food &#8211; Europe-wide de l&#8217;\u00e9dition 2022. Aude est reconnue pour son expertise consid\u00e9rable dans ses conseils \u00e0 des clients aux niveaux&#8230;<\/p>\n","protected":false},"author":5,"featured_media":6339,"comment_status":"closed","ping_status":"closed","sticky":false,"template":"","format":"standard","meta":{"_acf_changed":false,"footnotes":""},"categories":[58],"tags":[],"class_list":["post-6347","post","type-post","status-publish","format-standard","has-post-thumbnail","hentry","category-news"],"acf":[],"yoast_head":"<!-- This site is optimized with the Yoast SEO plugin v27.4 - https:\/\/yoast.com\/product\/yoast-seo-wordpress\/ -->\n<title>Le cabinet DALDEWOLF est reconnu dans l&#039;\u00e9dition 2022 de Chambers Europe - DALDEWOLF<\/title>\n<meta name=\"description\" content=\"Dans l&#039;\u00e9dition 2022 de Chambers Europe, DALDEWOLF a acquis 3 classements individuels: Aude Mahy, Marc Dal and Patrick Van Leynseele.\" \/>\n<meta name=\"robots\" content=\"index, follow, max-snippet:-1, max-image-preview:large, max-video-preview:-1\" \/>\n<link rel=\"canonical\" href=\"https:\/\/www.daldewolf.com\/fr\/le-cabinet-daldewolf-est-reconnu-dans-ledition-2022-de-chambers-europe\/\" \/>\n<meta property=\"og:locale\" content=\"fr_FR\" \/>\n<meta property=\"og:type\" content=\"article\" \/>\n<meta property=\"og:title\" content=\"Le cabinet DALDEWOLF est reconnu dans l&#039;\u00e9dition 2022 de Chambers Europe - DALDEWOLF\" \/>\n<meta property=\"og:description\" content=\"Dans l&#039;\u00e9dition 2022 de Chambers Europe, DALDEWOLF a acquis 3 classements individuels: Aude Mahy, Marc Dal and Patrick Van Leynseele.\" \/>\n<meta property=\"og:url\" content=\"https:\/\/www.daldewolf.com\/fr\/le-cabinet-daldewolf-est-reconnu-dans-ledition-2022-de-chambers-europe\/\" \/>\n<meta property=\"og:site_name\" content=\"DALDEWOLF\" \/>\n<meta property=\"article:published_time\" content=\"2022-03-18T14:52:47+00:00\" \/>\n<meta property=\"article:modified_time\" content=\"2022-03-18T14:52:51+00:00\" \/>\n<meta property=\"og:image\" content=\"https:\/\/www.daldewolf.com\/wp-content\/uploads\/2022\/03\/20220318-CHAMBERS-EUROPE-1024x341.png\" \/>\n\t<meta property=\"og:image:width\" content=\"1024\" \/>\n\t<meta property=\"og:image:height\" content=\"341\" \/>\n\t<meta property=\"og:image:type\" content=\"image\/png\" \/>\n<meta name=\"author\" content=\"Daldewolf-MathieuMaes\" \/>\n<meta name=\"twitter:card\" content=\"summary_large_image\" \/>\n<meta name=\"twitter:label1\" content=\"\u00c9crit par\" \/>\n\t<meta name=\"twitter:data1\" content=\"Daldewolf-MathieuMaes\" \/>\n\t<meta name=\"twitter:label2\" content=\"Dur\u00e9e de lecture estim\u00e9e\" \/>\n\t<meta name=\"twitter:data2\" content=\"3 minutes\" \/>\n<script type=\"application\/ld+json\" class=\"yoast-schema-graph\">{\"@context\":\"https:\\\/\\\/schema.org\",\"@graph\":[{\"@type\":\"Article\",\"@id\":\"https:\\\/\\\/www.daldewolf.com\\\/fr\\\/le-cabinet-daldewolf-est-reconnu-dans-ledition-2022-de-chambers-europe\\\/#article\",\"isPartOf\":{\"@id\":\"https:\\\/\\\/www.daldewolf.com\\\/fr\\\/le-cabinet-daldewolf-est-reconnu-dans-ledition-2022-de-chambers-europe\\\/\"},\"author\":{\"name\":\"Daldewolf-MathieuMaes\",\"@id\":\"https:\\\/\\\/www.daldewolf.com\\\/nl\\\/#\\\/schema\\\/person\\\/e3f911046ea6ce16d864e88be3452d83\"},\"headline\":\"Le cabinet DALDEWOLF est reconnu dans l&#8217;\u00e9dition 2022 de Chambers Europe\",\"datePublished\":\"2022-03-18T14:52:47+00:00\",\"dateModified\":\"2022-03-18T14:52:51+00:00\",\"mainEntityOfPage\":{\"@id\":\"https:\\\/\\\/www.daldewolf.com\\\/fr\\\/le-cabinet-daldewolf-est-reconnu-dans-ledition-2022-de-chambers-europe\\\/\"},\"wordCount\":611,\"publisher\":{\"@id\":\"https:\\\/\\\/www.daldewolf.com\\\/nl\\\/#organization\"},\"image\":{\"@id\":\"https:\\\/\\\/www.daldewolf.com\\\/fr\\\/le-cabinet-daldewolf-est-reconnu-dans-ledition-2022-de-chambers-europe\\\/#primaryimage\"},\"thumbnailUrl\":\"https:\\\/\\\/www.daldewolf.com\\\/wp-content\\\/uploads\\\/2022\\\/03\\\/20220318-CHAMBERS-EUROPE.png\",\"articleSection\":[\"news\"],\"inLanguage\":\"fr-FR\"},{\"@type\":\"WebPage\",\"@id\":\"https:\\\/\\\/www.daldewolf.com\\\/fr\\\/le-cabinet-daldewolf-est-reconnu-dans-ledition-2022-de-chambers-europe\\\/\",\"url\":\"https:\\\/\\\/www.daldewolf.com\\\/fr\\\/le-cabinet-daldewolf-est-reconnu-dans-ledition-2022-de-chambers-europe\\\/\",\"name\":\"Le cabinet DALDEWOLF est reconnu dans l'\u00e9dition 2022 de Chambers Europe - DALDEWOLF\",\"isPartOf\":{\"@id\":\"https:\\\/\\\/www.daldewolf.com\\\/nl\\\/#website\"},\"primaryImageOfPage\":{\"@id\":\"https:\\\/\\\/www.daldewolf.com\\\/fr\\\/le-cabinet-daldewolf-est-reconnu-dans-ledition-2022-de-chambers-europe\\\/#primaryimage\"},\"image\":{\"@id\":\"https:\\\/\\\/www.daldewolf.com\\\/fr\\\/le-cabinet-daldewolf-est-reconnu-dans-ledition-2022-de-chambers-europe\\\/#primaryimage\"},\"thumbnailUrl\":\"https:\\\/\\\/www.daldewolf.com\\\/wp-content\\\/uploads\\\/2022\\\/03\\\/20220318-CHAMBERS-EUROPE.png\",\"datePublished\":\"2022-03-18T14:52:47+00:00\",\"dateModified\":\"2022-03-18T14:52:51+00:00\",\"description\":\"Dans l'\u00e9dition 2022 de Chambers Europe, DALDEWOLF a acquis 3 classements individuels: Aude Mahy, Marc Dal and Patrick Van Leynseele.\",\"breadcrumb\":{\"@id\":\"https:\\\/\\\/www.daldewolf.com\\\/fr\\\/le-cabinet-daldewolf-est-reconnu-dans-ledition-2022-de-chambers-europe\\\/#breadcrumb\"},\"inLanguage\":\"fr-FR\",\"potentialAction\":[{\"@type\":\"ReadAction\",\"target\":[\"https:\\\/\\\/www.daldewolf.com\\\/fr\\\/le-cabinet-daldewolf-est-reconnu-dans-ledition-2022-de-chambers-europe\\\/\"]}]},{\"@type\":\"ImageObject\",\"inLanguage\":\"fr-FR\",\"@id\":\"https:\\\/\\\/www.daldewolf.com\\\/fr\\\/le-cabinet-daldewolf-est-reconnu-dans-ledition-2022-de-chambers-europe\\\/#primaryimage\",\"url\":\"https:\\\/\\\/www.daldewolf.com\\\/wp-content\\\/uploads\\\/2022\\\/03\\\/20220318-CHAMBERS-EUROPE.png\",\"contentUrl\":\"https:\\\/\\\/www.daldewolf.com\\\/wp-content\\\/uploads\\\/2022\\\/03\\\/20220318-CHAMBERS-EUROPE.png\",\"width\":3600,\"height\":1200},{\"@type\":\"BreadcrumbList\",\"@id\":\"https:\\\/\\\/www.daldewolf.com\\\/fr\\\/le-cabinet-daldewolf-est-reconnu-dans-ledition-2022-de-chambers-europe\\\/#breadcrumb\",\"itemListElement\":[{\"@type\":\"ListItem\",\"position\":1,\"name\":\"Home\",\"item\":\"https:\\\/\\\/www.daldewolf.com\\\/fr\\\/\"},{\"@type\":\"ListItem\",\"position\":2,\"name\":\"Le cabinet DALDEWOLF est reconnu dans l&#8217;\u00e9dition 2022 de Chambers Europe\"}]},{\"@type\":\"WebSite\",\"@id\":\"https:\\\/\\\/www.daldewolf.com\\\/nl\\\/#website\",\"url\":\"https:\\\/\\\/www.daldewolf.com\\\/nl\\\/\",\"name\":\"DALDEWOLF\",\"description\":\"Independant Law firm, Since 1958.\",\"publisher\":{\"@id\":\"https:\\\/\\\/www.daldewolf.com\\\/nl\\\/#organization\"},\"potentialAction\":[{\"@type\":\"SearchAction\",\"target\":{\"@type\":\"EntryPoint\",\"urlTemplate\":\"https:\\\/\\\/www.daldewolf.com\\\/nl\\\/?s={search_term_string}\"},\"query-input\":{\"@type\":\"PropertyValueSpecification\",\"valueRequired\":true,\"valueName\":\"search_term_string\"}}],\"inLanguage\":\"fr-FR\"},{\"@type\":\"Organization\",\"@id\":\"https:\\\/\\\/www.daldewolf.com\\\/nl\\\/#organization\",\"name\":\"DALDEWOLF\",\"url\":\"https:\\\/\\\/www.daldewolf.com\\\/nl\\\/\",\"logo\":{\"@type\":\"ImageObject\",\"inLanguage\":\"fr-FR\",\"@id\":\"https:\\\/\\\/www.daldewolf.com\\\/nl\\\/#\\\/schema\\\/logo\\\/image\\\/\",\"url\":\"https:\\\/\\\/www.daldewolf.com\\\/wp-content\\\/uploads\\\/2020\\\/05\\\/Logo-Daldewolf.png\",\"contentUrl\":\"https:\\\/\\\/www.daldewolf.com\\\/wp-content\\\/uploads\\\/2020\\\/05\\\/Logo-Daldewolf.png\",\"width\":320,\"height\":40,\"caption\":\"DALDEWOLF\"},\"image\":{\"@id\":\"https:\\\/\\\/www.daldewolf.com\\\/nl\\\/#\\\/schema\\\/logo\\\/image\\\/\"},\"sameAs\":[\"https:\\\/\\\/www.linkedin.com\\\/company\\\/10193320\"]},{\"@type\":\"Person\",\"@id\":\"https:\\\/\\\/www.daldewolf.com\\\/nl\\\/#\\\/schema\\\/person\\\/e3f911046ea6ce16d864e88be3452d83\",\"name\":\"Daldewolf-MathieuMaes\",\"image\":{\"@type\":\"ImageObject\",\"inLanguage\":\"fr-FR\",\"@id\":\"https:\\\/\\\/secure.gravatar.com\\\/avatar\\\/18f233dd88ab6bb96eecae41ac8cc5e3c24977d2c37825f063d12c83acaf0f69?s=96&d=mm&r=g\",\"url\":\"https:\\\/\\\/secure.gravatar.com\\\/avatar\\\/18f233dd88ab6bb96eecae41ac8cc5e3c24977d2c37825f063d12c83acaf0f69?s=96&d=mm&r=g\",\"contentUrl\":\"https:\\\/\\\/secure.gravatar.com\\\/avatar\\\/18f233dd88ab6bb96eecae41ac8cc5e3c24977d2c37825f063d12c83acaf0f69?s=96&d=mm&r=g\",\"caption\":\"Daldewolf-MathieuMaes\"},\"url\":\"https:\\\/\\\/www.daldewolf.com\\\/fr\\\/author\\\/daldewolf-mathieumaes\\\/\"}]}<\/script>\n<!-- \/ Yoast SEO plugin. -->","yoast_head_json":{"title":"Le cabinet DALDEWOLF est reconnu dans l'\u00e9dition 2022 de Chambers Europe - DALDEWOLF","description":"Dans l'\u00e9dition 2022 de Chambers Europe, DALDEWOLF a acquis 3 classements individuels: Aude Mahy, Marc Dal and Patrick Van Leynseele.","robots":{"index":"index","follow":"follow","max-snippet":"max-snippet:-1","max-image-preview":"max-image-preview:large","max-video-preview":"max-video-preview:-1"},"canonical":"https:\/\/www.daldewolf.com\/fr\/le-cabinet-daldewolf-est-reconnu-dans-ledition-2022-de-chambers-europe\/","og_locale":"fr_FR","og_type":"article","og_title":"Le cabinet DALDEWOLF est reconnu dans l'\u00e9dition 2022 de Chambers Europe - DALDEWOLF","og_description":"Dans l'\u00e9dition 2022 de Chambers Europe, DALDEWOLF a acquis 3 classements individuels: Aude Mahy, Marc Dal and Patrick Van Leynseele.","og_url":"https:\/\/www.daldewolf.com\/fr\/le-cabinet-daldewolf-est-reconnu-dans-ledition-2022-de-chambers-europe\/","og_site_name":"DALDEWOLF","article_published_time":"2022-03-18T14:52:47+00:00","article_modified_time":"2022-03-18T14:52:51+00:00","og_image":[{"width":1024,"height":341,"url":"https:\/\/www.daldewolf.com\/wp-content\/uploads\/2022\/03\/20220318-CHAMBERS-EUROPE-1024x341.png","type":"image\/png"}],"author":"Daldewolf-MathieuMaes","twitter_card":"summary_large_image","twitter_misc":{"\u00c9crit par":"Daldewolf-MathieuMaes","Dur\u00e9e de lecture estim\u00e9e":"3 minutes"},"schema":{"@context":"https:\/\/schema.org","@graph":[{"@type":"Article","@id":"https:\/\/www.daldewolf.com\/fr\/le-cabinet-daldewolf-est-reconnu-dans-ledition-2022-de-chambers-europe\/#article","isPartOf":{"@id":"https:\/\/www.daldewolf.com\/fr\/le-cabinet-daldewolf-est-reconnu-dans-ledition-2022-de-chambers-europe\/"},"author":{"name":"Daldewolf-MathieuMaes","@id":"https:\/\/www.daldewolf.com\/nl\/#\/schema\/person\/e3f911046ea6ce16d864e88be3452d83"},"headline":"Le cabinet DALDEWOLF est reconnu dans l&#8217;\u00e9dition 2022 de Chambers Europe","datePublished":"2022-03-18T14:52:47+00:00","dateModified":"2022-03-18T14:52:51+00:00","mainEntityOfPage":{"@id":"https:\/\/www.daldewolf.com\/fr\/le-cabinet-daldewolf-est-reconnu-dans-ledition-2022-de-chambers-europe\/"},"wordCount":611,"publisher":{"@id":"https:\/\/www.daldewolf.com\/nl\/#organization"},"image":{"@id":"https:\/\/www.daldewolf.com\/fr\/le-cabinet-daldewolf-est-reconnu-dans-ledition-2022-de-chambers-europe\/#primaryimage"},"thumbnailUrl":"https:\/\/www.daldewolf.com\/wp-content\/uploads\/2022\/03\/20220318-CHAMBERS-EUROPE.png","articleSection":["news"],"inLanguage":"fr-FR"},{"@type":"WebPage","@id":"https:\/\/www.daldewolf.com\/fr\/le-cabinet-daldewolf-est-reconnu-dans-ledition-2022-de-chambers-europe\/","url":"https:\/\/www.daldewolf.com\/fr\/le-cabinet-daldewolf-est-reconnu-dans-ledition-2022-de-chambers-europe\/","name":"Le cabinet DALDEWOLF est reconnu dans l'\u00e9dition 2022 de Chambers Europe - DALDEWOLF","isPartOf":{"@id":"https:\/\/www.daldewolf.com\/nl\/#website"},"primaryImageOfPage":{"@id":"https:\/\/www.daldewolf.com\/fr\/le-cabinet-daldewolf-est-reconnu-dans-ledition-2022-de-chambers-europe\/#primaryimage"},"image":{"@id":"https:\/\/www.daldewolf.com\/fr\/le-cabinet-daldewolf-est-reconnu-dans-ledition-2022-de-chambers-europe\/#primaryimage"},"thumbnailUrl":"https:\/\/www.daldewolf.com\/wp-content\/uploads\/2022\/03\/20220318-CHAMBERS-EUROPE.png","datePublished":"2022-03-18T14:52:47+00:00","dateModified":"2022-03-18T14:52:51+00:00","description":"Dans l'\u00e9dition 2022 de Chambers Europe, DALDEWOLF a acquis 3 classements individuels: Aude Mahy, Marc Dal and Patrick Van Leynseele.","breadcrumb":{"@id":"https:\/\/www.daldewolf.com\/fr\/le-cabinet-daldewolf-est-reconnu-dans-ledition-2022-de-chambers-europe\/#breadcrumb"},"inLanguage":"fr-FR","potentialAction":[{"@type":"ReadAction","target":["https:\/\/www.daldewolf.com\/fr\/le-cabinet-daldewolf-est-reconnu-dans-ledition-2022-de-chambers-europe\/"]}]},{"@type":"ImageObject","inLanguage":"fr-FR","@id":"https:\/\/www.daldewolf.com\/fr\/le-cabinet-daldewolf-est-reconnu-dans-ledition-2022-de-chambers-europe\/#primaryimage","url":"https:\/\/www.daldewolf.com\/wp-content\/uploads\/2022\/03\/20220318-CHAMBERS-EUROPE.png","contentUrl":"https:\/\/www.daldewolf.com\/wp-content\/uploads\/2022\/03\/20220318-CHAMBERS-EUROPE.png","width":3600,"height":1200},{"@type":"BreadcrumbList","@id":"https:\/\/www.daldewolf.com\/fr\/le-cabinet-daldewolf-est-reconnu-dans-ledition-2022-de-chambers-europe\/#breadcrumb","itemListElement":[{"@type":"ListItem","position":1,"name":"Home","item":"https:\/\/www.daldewolf.com\/fr\/"},{"@type":"ListItem","position":2,"name":"Le cabinet DALDEWOLF est reconnu dans l&#8217;\u00e9dition 2022 de Chambers Europe"}]},{"@type":"WebSite","@id":"https:\/\/www.daldewolf.com\/nl\/#website","url":"https:\/\/www.daldewolf.com\/nl\/","name":"DALDEWOLF","description":"Independant Law firm, Since 1958.","publisher":{"@id":"https:\/\/www.daldewolf.com\/nl\/#organization"},"potentialAction":[{"@type":"SearchAction","target":{"@type":"EntryPoint","urlTemplate":"https:\/\/www.daldewolf.com\/nl\/?s={search_term_string}"},"query-input":{"@type":"PropertyValueSpecification","valueRequired":true,"valueName":"search_term_string"}}],"inLanguage":"fr-FR"},{"@type":"Organization","@id":"https:\/\/www.daldewolf.com\/nl\/#organization","name":"DALDEWOLF","url":"https:\/\/www.daldewolf.com\/nl\/","logo":{"@type":"ImageObject","inLanguage":"fr-FR","@id":"https:\/\/www.daldewolf.com\/nl\/#\/schema\/logo\/image\/","url":"https:\/\/www.daldewolf.com\/wp-content\/uploads\/2020\/05\/Logo-Daldewolf.png","contentUrl":"https:\/\/www.daldewolf.com\/wp-content\/uploads\/2020\/05\/Logo-Daldewolf.png","width":320,"height":40,"caption":"DALDEWOLF"},"image":{"@id":"https:\/\/www.daldewolf.com\/nl\/#\/schema\/logo\/image\/"},"sameAs":["https:\/\/www.linkedin.com\/company\/10193320"]},{"@type":"Person","@id":"https:\/\/www.daldewolf.com\/nl\/#\/schema\/person\/e3f911046ea6ce16d864e88be3452d83","name":"Daldewolf-MathieuMaes","image":{"@type":"ImageObject","inLanguage":"fr-FR","@id":"https:\/\/secure.gravatar.com\/avatar\/18f233dd88ab6bb96eecae41ac8cc5e3c24977d2c37825f063d12c83acaf0f69?s=96&d=mm&r=g","url":"https:\/\/secure.gravatar.com\/avatar\/18f233dd88ab6bb96eecae41ac8cc5e3c24977d2c37825f063d12c83acaf0f69?s=96&d=mm&r=g","contentUrl":"https:\/\/secure.gravatar.com\/avatar\/18f233dd88ab6bb96eecae41ac8cc5e3c24977d2c37825f063d12c83acaf0f69?s=96&d=mm&r=g","caption":"Daldewolf-MathieuMaes"},"url":"https:\/\/www.daldewolf.com\/fr\/author\/daldewolf-mathieumaes\/"}]}},"_links":{"self":[{"href":"https:\/\/www.daldewolf.com\/fr\/wp-json\/wp\/v2\/posts\/6347","targetHints":{"allow":["GET"]}}],"collection":[{"href":"https:\/\/www.daldewolf.com\/fr\/wp-json\/wp\/v2\/posts"}],"about":[{"href":"https:\/\/www.daldewolf.com\/fr\/wp-json\/wp\/v2\/types\/post"}],"author":[{"embeddable":true,"href":"https:\/\/www.daldewolf.com\/fr\/wp-json\/wp\/v2\/users\/5"}],"replies":[{"embeddable":true,"href":"https:\/\/www.daldewolf.com\/fr\/wp-json\/wp\/v2\/comments?post=6347"}],"version-history":[{"count":0,"href":"https:\/\/www.daldewolf.com\/fr\/wp-json\/wp\/v2\/posts\/6347\/revisions"}],"wp:featuredmedia":[{"embeddable":true,"href":"https:\/\/www.daldewolf.com\/fr\/wp-json\/wp\/v2\/media\/6339"}],"wp:attachment":[{"href":"https:\/\/www.daldewolf.com\/fr\/wp-json\/wp\/v2\/media?parent=6347"}],"wp:term":[{"taxonomy":"category","embeddable":true,"href":"https:\/\/www.daldewolf.com\/fr\/wp-json\/wp\/v2\/categories?post=6347"},{"taxonomy":"post_tag","embeddable":true,"href":"https:\/\/www.daldewolf.com\/fr\/wp-json\/wp\/v2\/tags?post=6347"}],"curies":[{"name":"wp","href":"https:\/\/api.w.org\/{rel}","templated":true}]}}