{"id":5639,"date":"2022-02-18T12:34:41","date_gmt":"2022-02-18T11:34:41","guid":{"rendered":"https:\/\/www.daldewolf.com\/le-cabinet-daldewolf-est-reconnu-dans-ledition-2022-de-chambers-global\/"},"modified":"2022-02-18T12:41:28","modified_gmt":"2022-02-18T11:41:28","slug":"le-cabinet-daldewolf-est-reconnu-dans-ledition-2022-de-chambers-global","status":"publish","type":"post","link":"https:\/\/www.daldewolf.com\/fr\/le-cabinet-daldewolf-est-reconnu-dans-ledition-2022-de-chambers-global\/","title":{"rendered":"Le cabinet DALDEWOLF est reconnu dans l&#8217;\u00e9dition 2022 de Chambers Global"},"content":{"rendered":"<p><strong><img loading=\"lazy\" decoding=\"async\" class=\"aligncenter wp-image-5626 \" src=\"https:\/\/www.daldewolf.com\/wp-content\/uploads\/2022\/02\/20220218-CHAMBERS-GLOBAL-rankings-2022-1024x341.png\" alt=\"\" width=\"700\" height=\"233\" srcset=\"https:\/\/www.daldewolf.com\/wp-content\/uploads\/2022\/02\/20220218-CHAMBERS-GLOBAL-rankings-2022-1024x341.png 1024w, https:\/\/www.daldewolf.com\/wp-content\/uploads\/2022\/02\/20220218-CHAMBERS-GLOBAL-rankings-2022-300x100.png 300w\" sizes=\"auto, (max-width: 700px) 100vw, 700px\" \/><\/strong><\/p>\n<p><strong>Dans l&#8217;\u00e9dition 2022 de Chambers Global, DALDEWOLF a acquis <a href=\"https:\/\/chambers.com\/law-firm\/daldewolf-global-2:170368\" target=\"_blank\" rel=\"noopener\">4 classements<\/a> \u2013 1 classement pour une pratique du cabinet et 3 classements individuels parmi tous ses bureaux.<\/strong><\/p>\n<p>Pour ce qui est des classements individuels, <strong><a href=\"https:\/\/www.daldewolf.com\/equipe\/marc-dal\/\">Marc Dal<\/a><\/strong>, qui dirige la <a href=\"https:\/\/www.daldewolf.com\/expertise\/pratiques\/arbitrage-litiges-complexes-et-mediation\/\">pratique du contentieux<\/a> est class\u00e9 parmi l&#8217;\u00e9lite des practiciens de l&#8217;arbitrage en Belgique. Au sein du classement <em>Dispute Resolution: Arbitration in Belgium Legal Rankings<\/em>, Marc est d\u00e9crit comme \u00e9tant admir\u00e9 pour \u00eatre &#8220;excellent dans ce qu&#8217;il fait&#8221;.\u00a0 Le Managing Partner et co-dirigeant de l&#8217;\u00e9quipe <a href=\"https:\/\/www.daldewolf.com\/expertise\/pratiques\/droit-des-societes-et-financier\/\">Droit des Soci\u00e9t\u00e9 et Financier<\/a> <strong><a href=\"https:\/\/www.daldewolf.com\/equipe\/patrick-de-wolf\/\">Patrick De Wolf<\/a><\/strong> re\u00e7oit des louanges dans la cat\u00e9gorie <em>General Business Law &#8211; Congo Democratic Republic of Congo<\/em> pour sa solide exp\u00e9rience dans l&#8217;arbitrage national et international et pour la r\u00e9putation de longue date de son implication en RDC. <strong><a href=\"http:\/\/patrick van leynseele\">Patrick Van Leynseele<\/a><\/strong> est lui un m\u00e9diateur tr\u00e8s appr\u00e9ci\u00e9, avec des sources disant que &#8220;chaque fois que nous avons besoin d&#8217;un m\u00e9diateur dans un gros dossier avec des clients internationaux, je choisirais Patrick Van Leynseele&#8221;.<\/p>\n<p>Notre \u00e9quipe de Kinshasa fait partie du groupe tr\u00e8s s\u00e9lect des quelques cabinets class\u00e9s dans la pratique General Business Law. <a href=\"https:\/\/chambers.com\/department\/daldewolf-general-business-law-global-2:852:63:1:170368\" target=\"_blank\" rel=\"noopener\">Chambers Global fait les \u00e9loges de DALDEWOLF pour son expertise significative en RDC<\/a>, avec une connaissance consid\u00e9rable du droit OHADA. Chambers affirme que notre expertise s&#8217;\u00e9tend jusqu&#8217;au d\u00e9veloppement et au financement de projets dans les secteurs de l&#8217;\u00e9nergie, des ressources naturelles et des infrastructures, ajoutant que l&#8217;\u00e9quipe poss\u00e8de en outre une exp\u00e9rience en mati\u00e8re transactionnelle, en faisant appel aux ressources de son bureau de Bruxelles quand c&#8217;est n\u00e9cessaire. Romain Battajon, bas\u00e9 \u00e0 Kinshasa, est un contact cl\u00e9 au sein du cabinet et est mentionn\u00e9 par Chambers Global comme Praticien Notable.<\/p>\n<p>Les classements <a href=\"https:\/\/chambers.com\/\" target=\"_blank\" rel=\"noopener\">Chambers Global<\/a> bas\u00e9s sur des entretiens avec des avocats et des clients, examinent un large \u00e9ventail de qualit\u00e9s, notamment la capacit\u00e9 juridique, la conduite professionnelle, le service client, la sensibilit\u00e9 commerciale, la diligence et l&#8217;engagement envers le client, afin de fournir une \u00e9valuation ind\u00e9pendante des avocats \u00e0 travers le monde.<\/p>\n<p>&#8212;<\/p>\n<p>DALDEWOLF est un cabinet d&#8217;avocats d&#8217;affaires fond\u00e9 en 1958, qui s&#8217;est constamment efforc\u00e9 d&#8217;\u00eatre en phase avec l&#8217;\u00e9volution du monde et les besoins n\u00e9cessairement changeants de ses clients. Nos \u00e9quipes traitent certaines des transactions les plus complexes et les plus exigeantes en Belgique, en R\u00e9publique d\u00e9mocratique du Congo (nous avons un bureau \u00e0 Kinshasa depuis 2018) et dans le monde entier.<br \/>\nDALDEWOLF b\u00e9n\u00e9ficie d&#8217;une exp\u00e9rience significative en mati\u00e8re de gestion de contentieux entre actionnaires\/associ\u00e9s ou impliquant des dirigeants d&#8217;entreprises et, plus g\u00e9n\u00e9ralement, de contentieux, d&#8217;arbitrage et de m\u00e9diation dans le domaine de l&#8217;entreprise.<br \/>\nDALDEWOLF a une solide r\u00e9putation pour d\u00e9fendre les int\u00e9r\u00eats des entreprises familiales dans tous les secteurs de l&#8217;industrie, y compris l&#8217;alimentation et les boissons, les mines et carri\u00e8res, la biotechnologie et l&#8217;immobilier.<\/p>\n<p>&nbsp;<\/p>\n","protected":false},"excerpt":{"rendered":"<p>Dans l&#8217;\u00e9dition 2022 de Chambers Global, DALDEWOLF a acquis 4 classements \u2013 1 classement pour une pratique du cabinet et 3 classements individuels parmi tous ses bureaux. Pour ce qui est des classements individuels, Marc Dal, qui dirige la pratique du contentieux est class\u00e9 parmi l&#8217;\u00e9lite des practiciens de l&#8217;arbitrage en Belgique. Au sein du&#8230;<\/p>\n","protected":false},"author":5,"featured_media":5632,"comment_status":"closed","ping_status":"closed","sticky":false,"template":"","format":"standard","meta":{"_acf_changed":false,"footnotes":""},"categories":[58],"tags":[],"class_list":["post-5639","post","type-post","status-publish","format-standard","has-post-thumbnail","hentry","category-news"],"acf":[],"yoast_head":"<!-- This site is optimized with the Yoast SEO plugin v27.4 - https:\/\/yoast.com\/product\/yoast-seo-wordpress\/ -->\n<title>Le cabinet DALDEWOLF est reconnu dans l&#039;\u00e9dition 2022 de Chambers Global - DALDEWOLF<\/title>\n<meta name=\"description\" content=\"Marc Dal, Patrick De Wolf et Patrick Van Leynseele, avocats en arbitrage, contentieux et droit des soci\u00e9t\u00e9s de DALDEWOLF ont \u00e9t\u00e9 reconnus dans l&#039;\u00e9dition 2022 de Chambers Global.\" \/>\n<meta name=\"robots\" content=\"index, follow, max-snippet:-1, max-image-preview:large, max-video-preview:-1\" \/>\n<link rel=\"canonical\" href=\"https:\/\/www.daldewolf.com\/fr\/le-cabinet-daldewolf-est-reconnu-dans-ledition-2022-de-chambers-global\/\" \/>\n<meta property=\"og:locale\" content=\"fr_FR\" \/>\n<meta property=\"og:type\" content=\"article\" \/>\n<meta property=\"og:title\" content=\"Le cabinet DALDEWOLF est reconnu dans l&#039;\u00e9dition 2022 de Chambers Global - DALDEWOLF\" \/>\n<meta property=\"og:description\" content=\"Marc Dal, Patrick De Wolf et Patrick Van Leynseele, avocats en arbitrage, contentieux et droit des soci\u00e9t\u00e9s de DALDEWOLF ont \u00e9t\u00e9 reconnus dans l&#039;\u00e9dition 2022 de Chambers Global.\" \/>\n<meta property=\"og:url\" content=\"https:\/\/www.daldewolf.com\/fr\/le-cabinet-daldewolf-est-reconnu-dans-ledition-2022-de-chambers-global\/\" \/>\n<meta property=\"og:site_name\" content=\"DALDEWOLF\" \/>\n<meta property=\"article:published_time\" content=\"2022-02-18T11:34:41+00:00\" \/>\n<meta property=\"article:modified_time\" content=\"2022-02-18T11:41:28+00:00\" \/>\n<meta property=\"og:image\" content=\"https:\/\/www.daldewolf.com\/wp-content\/uploads\/2022\/02\/20220218-CHAMBERS-GLOBAL-rankings-2022-DDW-LinkedIn.png\" \/>\n\t<meta property=\"og:image:width\" content=\"2400\" \/>\n\t<meta property=\"og:image:height\" content=\"1256\" \/>\n\t<meta property=\"og:image:type\" content=\"image\/png\" \/>\n<meta name=\"author\" content=\"Daldewolf-MathieuMaes\" \/>\n<meta name=\"twitter:card\" content=\"summary_large_image\" \/>\n<meta name=\"twitter:label1\" content=\"\u00c9crit par\" \/>\n\t<meta name=\"twitter:data1\" content=\"Daldewolf-MathieuMaes\" \/>\n\t<meta name=\"twitter:label2\" content=\"Dur\u00e9e de lecture estim\u00e9e\" \/>\n\t<meta name=\"twitter:data2\" content=\"3 minutes\" \/>\n<script type=\"application\/ld+json\" class=\"yoast-schema-graph\">{\"@context\":\"https:\\\/\\\/schema.org\",\"@graph\":[{\"@type\":\"Article\",\"@id\":\"https:\\\/\\\/www.daldewolf.com\\\/fr\\\/le-cabinet-daldewolf-est-reconnu-dans-ledition-2022-de-chambers-global\\\/#article\",\"isPartOf\":{\"@id\":\"https:\\\/\\\/www.daldewolf.com\\\/fr\\\/le-cabinet-daldewolf-est-reconnu-dans-ledition-2022-de-chambers-global\\\/\"},\"author\":{\"name\":\"Daldewolf-MathieuMaes\",\"@id\":\"https:\\\/\\\/www.daldewolf.com\\\/nl\\\/#\\\/schema\\\/person\\\/e3f911046ea6ce16d864e88be3452d83\"},\"headline\":\"Le cabinet DALDEWOLF est reconnu dans l&#8217;\u00e9dition 2022 de Chambers Global\",\"datePublished\":\"2022-02-18T11:34:41+00:00\",\"dateModified\":\"2022-02-18T11:41:28+00:00\",\"mainEntityOfPage\":{\"@id\":\"https:\\\/\\\/www.daldewolf.com\\\/fr\\\/le-cabinet-daldewolf-est-reconnu-dans-ledition-2022-de-chambers-global\\\/\"},\"wordCount\":516,\"publisher\":{\"@id\":\"https:\\\/\\\/www.daldewolf.com\\\/nl\\\/#organization\"},\"image\":{\"@id\":\"https:\\\/\\\/www.daldewolf.com\\\/fr\\\/le-cabinet-daldewolf-est-reconnu-dans-ledition-2022-de-chambers-global\\\/#primaryimage\"},\"thumbnailUrl\":\"https:\\\/\\\/www.daldewolf.com\\\/wp-content\\\/uploads\\\/2022\\\/02\\\/20220218-CHAMBERS-GLOBAL-rankings-2022-DDW-LinkedIn.png\",\"articleSection\":[\"news\"],\"inLanguage\":\"fr-FR\"},{\"@type\":\"WebPage\",\"@id\":\"https:\\\/\\\/www.daldewolf.com\\\/fr\\\/le-cabinet-daldewolf-est-reconnu-dans-ledition-2022-de-chambers-global\\\/\",\"url\":\"https:\\\/\\\/www.daldewolf.com\\\/fr\\\/le-cabinet-daldewolf-est-reconnu-dans-ledition-2022-de-chambers-global\\\/\",\"name\":\"Le cabinet DALDEWOLF est reconnu dans l'\u00e9dition 2022 de Chambers Global - DALDEWOLF\",\"isPartOf\":{\"@id\":\"https:\\\/\\\/www.daldewolf.com\\\/nl\\\/#website\"},\"primaryImageOfPage\":{\"@id\":\"https:\\\/\\\/www.daldewolf.com\\\/fr\\\/le-cabinet-daldewolf-est-reconnu-dans-ledition-2022-de-chambers-global\\\/#primaryimage\"},\"image\":{\"@id\":\"https:\\\/\\\/www.daldewolf.com\\\/fr\\\/le-cabinet-daldewolf-est-reconnu-dans-ledition-2022-de-chambers-global\\\/#primaryimage\"},\"thumbnailUrl\":\"https:\\\/\\\/www.daldewolf.com\\\/wp-content\\\/uploads\\\/2022\\\/02\\\/20220218-CHAMBERS-GLOBAL-rankings-2022-DDW-LinkedIn.png\",\"datePublished\":\"2022-02-18T11:34:41+00:00\",\"dateModified\":\"2022-02-18T11:41:28+00:00\",\"description\":\"Marc Dal, Patrick De Wolf et Patrick Van Leynseele, avocats en arbitrage, contentieux et droit des soci\u00e9t\u00e9s de DALDEWOLF ont \u00e9t\u00e9 reconnus dans l'\u00e9dition 2022 de Chambers Global.\",\"breadcrumb\":{\"@id\":\"https:\\\/\\\/www.daldewolf.com\\\/fr\\\/le-cabinet-daldewolf-est-reconnu-dans-ledition-2022-de-chambers-global\\\/#breadcrumb\"},\"inLanguage\":\"fr-FR\",\"potentialAction\":[{\"@type\":\"ReadAction\",\"target\":[\"https:\\\/\\\/www.daldewolf.com\\\/fr\\\/le-cabinet-daldewolf-est-reconnu-dans-ledition-2022-de-chambers-global\\\/\"]}]},{\"@type\":\"ImageObject\",\"inLanguage\":\"fr-FR\",\"@id\":\"https:\\\/\\\/www.daldewolf.com\\\/fr\\\/le-cabinet-daldewolf-est-reconnu-dans-ledition-2022-de-chambers-global\\\/#primaryimage\",\"url\":\"https:\\\/\\\/www.daldewolf.com\\\/wp-content\\\/uploads\\\/2022\\\/02\\\/20220218-CHAMBERS-GLOBAL-rankings-2022-DDW-LinkedIn.png\",\"contentUrl\":\"https:\\\/\\\/www.daldewolf.com\\\/wp-content\\\/uploads\\\/2022\\\/02\\\/20220218-CHAMBERS-GLOBAL-rankings-2022-DDW-LinkedIn.png\",\"width\":2400,\"height\":1256},{\"@type\":\"BreadcrumbList\",\"@id\":\"https:\\\/\\\/www.daldewolf.com\\\/fr\\\/le-cabinet-daldewolf-est-reconnu-dans-ledition-2022-de-chambers-global\\\/#breadcrumb\",\"itemListElement\":[{\"@type\":\"ListItem\",\"position\":1,\"name\":\"Home\",\"item\":\"https:\\\/\\\/www.daldewolf.com\\\/fr\\\/\"},{\"@type\":\"ListItem\",\"position\":2,\"name\":\"Le cabinet DALDEWOLF est reconnu dans l&#8217;\u00e9dition 2022 de Chambers Global\"}]},{\"@type\":\"WebSite\",\"@id\":\"https:\\\/\\\/www.daldewolf.com\\\/nl\\\/#website\",\"url\":\"https:\\\/\\\/www.daldewolf.com\\\/nl\\\/\",\"name\":\"DALDEWOLF\",\"description\":\"Independant Law firm, Since 1958.\",\"publisher\":{\"@id\":\"https:\\\/\\\/www.daldewolf.com\\\/nl\\\/#organization\"},\"potentialAction\":[{\"@type\":\"SearchAction\",\"target\":{\"@type\":\"EntryPoint\",\"urlTemplate\":\"https:\\\/\\\/www.daldewolf.com\\\/nl\\\/?s={search_term_string}\"},\"query-input\":{\"@type\":\"PropertyValueSpecification\",\"valueRequired\":true,\"valueName\":\"search_term_string\"}}],\"inLanguage\":\"fr-FR\"},{\"@type\":\"Organization\",\"@id\":\"https:\\\/\\\/www.daldewolf.com\\\/nl\\\/#organization\",\"name\":\"DALDEWOLF\",\"url\":\"https:\\\/\\\/www.daldewolf.com\\\/nl\\\/\",\"logo\":{\"@type\":\"ImageObject\",\"inLanguage\":\"fr-FR\",\"@id\":\"https:\\\/\\\/www.daldewolf.com\\\/nl\\\/#\\\/schema\\\/logo\\\/image\\\/\",\"url\":\"https:\\\/\\\/www.daldewolf.com\\\/wp-content\\\/uploads\\\/2020\\\/05\\\/Logo-Daldewolf.png\",\"contentUrl\":\"https:\\\/\\\/www.daldewolf.com\\\/wp-content\\\/uploads\\\/2020\\\/05\\\/Logo-Daldewolf.png\",\"width\":320,\"height\":40,\"caption\":\"DALDEWOLF\"},\"image\":{\"@id\":\"https:\\\/\\\/www.daldewolf.com\\\/nl\\\/#\\\/schema\\\/logo\\\/image\\\/\"},\"sameAs\":[\"https:\\\/\\\/www.linkedin.com\\\/company\\\/10193320\"]},{\"@type\":\"Person\",\"@id\":\"https:\\\/\\\/www.daldewolf.com\\\/nl\\\/#\\\/schema\\\/person\\\/e3f911046ea6ce16d864e88be3452d83\",\"name\":\"Daldewolf-MathieuMaes\",\"image\":{\"@type\":\"ImageObject\",\"inLanguage\":\"fr-FR\",\"@id\":\"https:\\\/\\\/secure.gravatar.com\\\/avatar\\\/18f233dd88ab6bb96eecae41ac8cc5e3c24977d2c37825f063d12c83acaf0f69?s=96&d=mm&r=g\",\"url\":\"https:\\\/\\\/secure.gravatar.com\\\/avatar\\\/18f233dd88ab6bb96eecae41ac8cc5e3c24977d2c37825f063d12c83acaf0f69?s=96&d=mm&r=g\",\"contentUrl\":\"https:\\\/\\\/secure.gravatar.com\\\/avatar\\\/18f233dd88ab6bb96eecae41ac8cc5e3c24977d2c37825f063d12c83acaf0f69?s=96&d=mm&r=g\",\"caption\":\"Daldewolf-MathieuMaes\"},\"url\":\"https:\\\/\\\/www.daldewolf.com\\\/fr\\\/author\\\/daldewolf-mathieumaes\\\/\"}]}<\/script>\n<!-- \/ Yoast SEO plugin. -->","yoast_head_json":{"title":"Le cabinet DALDEWOLF est reconnu dans l'\u00e9dition 2022 de Chambers Global - DALDEWOLF","description":"Marc Dal, Patrick De Wolf et Patrick Van Leynseele, avocats en arbitrage, contentieux et droit des soci\u00e9t\u00e9s de DALDEWOLF ont \u00e9t\u00e9 reconnus dans l'\u00e9dition 2022 de Chambers Global.","robots":{"index":"index","follow":"follow","max-snippet":"max-snippet:-1","max-image-preview":"max-image-preview:large","max-video-preview":"max-video-preview:-1"},"canonical":"https:\/\/www.daldewolf.com\/fr\/le-cabinet-daldewolf-est-reconnu-dans-ledition-2022-de-chambers-global\/","og_locale":"fr_FR","og_type":"article","og_title":"Le cabinet DALDEWOLF est reconnu dans l'\u00e9dition 2022 de Chambers Global - DALDEWOLF","og_description":"Marc Dal, Patrick De Wolf et Patrick Van Leynseele, avocats en arbitrage, contentieux et droit des soci\u00e9t\u00e9s de DALDEWOLF ont \u00e9t\u00e9 reconnus dans l'\u00e9dition 2022 de Chambers Global.","og_url":"https:\/\/www.daldewolf.com\/fr\/le-cabinet-daldewolf-est-reconnu-dans-ledition-2022-de-chambers-global\/","og_site_name":"DALDEWOLF","article_published_time":"2022-02-18T11:34:41+00:00","article_modified_time":"2022-02-18T11:41:28+00:00","og_image":[{"width":2400,"height":1256,"url":"https:\/\/www.daldewolf.com\/wp-content\/uploads\/2022\/02\/20220218-CHAMBERS-GLOBAL-rankings-2022-DDW-LinkedIn.png","type":"image\/png"}],"author":"Daldewolf-MathieuMaes","twitter_card":"summary_large_image","twitter_misc":{"\u00c9crit par":"Daldewolf-MathieuMaes","Dur\u00e9e de lecture estim\u00e9e":"3 minutes"},"schema":{"@context":"https:\/\/schema.org","@graph":[{"@type":"Article","@id":"https:\/\/www.daldewolf.com\/fr\/le-cabinet-daldewolf-est-reconnu-dans-ledition-2022-de-chambers-global\/#article","isPartOf":{"@id":"https:\/\/www.daldewolf.com\/fr\/le-cabinet-daldewolf-est-reconnu-dans-ledition-2022-de-chambers-global\/"},"author":{"name":"Daldewolf-MathieuMaes","@id":"https:\/\/www.daldewolf.com\/nl\/#\/schema\/person\/e3f911046ea6ce16d864e88be3452d83"},"headline":"Le cabinet DALDEWOLF est reconnu dans l&#8217;\u00e9dition 2022 de Chambers Global","datePublished":"2022-02-18T11:34:41+00:00","dateModified":"2022-02-18T11:41:28+00:00","mainEntityOfPage":{"@id":"https:\/\/www.daldewolf.com\/fr\/le-cabinet-daldewolf-est-reconnu-dans-ledition-2022-de-chambers-global\/"},"wordCount":516,"publisher":{"@id":"https:\/\/www.daldewolf.com\/nl\/#organization"},"image":{"@id":"https:\/\/www.daldewolf.com\/fr\/le-cabinet-daldewolf-est-reconnu-dans-ledition-2022-de-chambers-global\/#primaryimage"},"thumbnailUrl":"https:\/\/www.daldewolf.com\/wp-content\/uploads\/2022\/02\/20220218-CHAMBERS-GLOBAL-rankings-2022-DDW-LinkedIn.png","articleSection":["news"],"inLanguage":"fr-FR"},{"@type":"WebPage","@id":"https:\/\/www.daldewolf.com\/fr\/le-cabinet-daldewolf-est-reconnu-dans-ledition-2022-de-chambers-global\/","url":"https:\/\/www.daldewolf.com\/fr\/le-cabinet-daldewolf-est-reconnu-dans-ledition-2022-de-chambers-global\/","name":"Le cabinet DALDEWOLF est reconnu dans l'\u00e9dition 2022 de Chambers Global - DALDEWOLF","isPartOf":{"@id":"https:\/\/www.daldewolf.com\/nl\/#website"},"primaryImageOfPage":{"@id":"https:\/\/www.daldewolf.com\/fr\/le-cabinet-daldewolf-est-reconnu-dans-ledition-2022-de-chambers-global\/#primaryimage"},"image":{"@id":"https:\/\/www.daldewolf.com\/fr\/le-cabinet-daldewolf-est-reconnu-dans-ledition-2022-de-chambers-global\/#primaryimage"},"thumbnailUrl":"https:\/\/www.daldewolf.com\/wp-content\/uploads\/2022\/02\/20220218-CHAMBERS-GLOBAL-rankings-2022-DDW-LinkedIn.png","datePublished":"2022-02-18T11:34:41+00:00","dateModified":"2022-02-18T11:41:28+00:00","description":"Marc Dal, Patrick De Wolf et Patrick Van Leynseele, avocats en arbitrage, contentieux et droit des soci\u00e9t\u00e9s de DALDEWOLF ont \u00e9t\u00e9 reconnus dans l'\u00e9dition 2022 de Chambers Global.","breadcrumb":{"@id":"https:\/\/www.daldewolf.com\/fr\/le-cabinet-daldewolf-est-reconnu-dans-ledition-2022-de-chambers-global\/#breadcrumb"},"inLanguage":"fr-FR","potentialAction":[{"@type":"ReadAction","target":["https:\/\/www.daldewolf.com\/fr\/le-cabinet-daldewolf-est-reconnu-dans-ledition-2022-de-chambers-global\/"]}]},{"@type":"ImageObject","inLanguage":"fr-FR","@id":"https:\/\/www.daldewolf.com\/fr\/le-cabinet-daldewolf-est-reconnu-dans-ledition-2022-de-chambers-global\/#primaryimage","url":"https:\/\/www.daldewolf.com\/wp-content\/uploads\/2022\/02\/20220218-CHAMBERS-GLOBAL-rankings-2022-DDW-LinkedIn.png","contentUrl":"https:\/\/www.daldewolf.com\/wp-content\/uploads\/2022\/02\/20220218-CHAMBERS-GLOBAL-rankings-2022-DDW-LinkedIn.png","width":2400,"height":1256},{"@type":"BreadcrumbList","@id":"https:\/\/www.daldewolf.com\/fr\/le-cabinet-daldewolf-est-reconnu-dans-ledition-2022-de-chambers-global\/#breadcrumb","itemListElement":[{"@type":"ListItem","position":1,"name":"Home","item":"https:\/\/www.daldewolf.com\/fr\/"},{"@type":"ListItem","position":2,"name":"Le cabinet DALDEWOLF est reconnu dans l&#8217;\u00e9dition 2022 de Chambers Global"}]},{"@type":"WebSite","@id":"https:\/\/www.daldewolf.com\/nl\/#website","url":"https:\/\/www.daldewolf.com\/nl\/","name":"DALDEWOLF","description":"Independant Law firm, Since 1958.","publisher":{"@id":"https:\/\/www.daldewolf.com\/nl\/#organization"},"potentialAction":[{"@type":"SearchAction","target":{"@type":"EntryPoint","urlTemplate":"https:\/\/www.daldewolf.com\/nl\/?s={search_term_string}"},"query-input":{"@type":"PropertyValueSpecification","valueRequired":true,"valueName":"search_term_string"}}],"inLanguage":"fr-FR"},{"@type":"Organization","@id":"https:\/\/www.daldewolf.com\/nl\/#organization","name":"DALDEWOLF","url":"https:\/\/www.daldewolf.com\/nl\/","logo":{"@type":"ImageObject","inLanguage":"fr-FR","@id":"https:\/\/www.daldewolf.com\/nl\/#\/schema\/logo\/image\/","url":"https:\/\/www.daldewolf.com\/wp-content\/uploads\/2020\/05\/Logo-Daldewolf.png","contentUrl":"https:\/\/www.daldewolf.com\/wp-content\/uploads\/2020\/05\/Logo-Daldewolf.png","width":320,"height":40,"caption":"DALDEWOLF"},"image":{"@id":"https:\/\/www.daldewolf.com\/nl\/#\/schema\/logo\/image\/"},"sameAs":["https:\/\/www.linkedin.com\/company\/10193320"]},{"@type":"Person","@id":"https:\/\/www.daldewolf.com\/nl\/#\/schema\/person\/e3f911046ea6ce16d864e88be3452d83","name":"Daldewolf-MathieuMaes","image":{"@type":"ImageObject","inLanguage":"fr-FR","@id":"https:\/\/secure.gravatar.com\/avatar\/18f233dd88ab6bb96eecae41ac8cc5e3c24977d2c37825f063d12c83acaf0f69?s=96&d=mm&r=g","url":"https:\/\/secure.gravatar.com\/avatar\/18f233dd88ab6bb96eecae41ac8cc5e3c24977d2c37825f063d12c83acaf0f69?s=96&d=mm&r=g","contentUrl":"https:\/\/secure.gravatar.com\/avatar\/18f233dd88ab6bb96eecae41ac8cc5e3c24977d2c37825f063d12c83acaf0f69?s=96&d=mm&r=g","caption":"Daldewolf-MathieuMaes"},"url":"https:\/\/www.daldewolf.com\/fr\/author\/daldewolf-mathieumaes\/"}]}},"_links":{"self":[{"href":"https:\/\/www.daldewolf.com\/fr\/wp-json\/wp\/v2\/posts\/5639","targetHints":{"allow":["GET"]}}],"collection":[{"href":"https:\/\/www.daldewolf.com\/fr\/wp-json\/wp\/v2\/posts"}],"about":[{"href":"https:\/\/www.daldewolf.com\/fr\/wp-json\/wp\/v2\/types\/post"}],"author":[{"embeddable":true,"href":"https:\/\/www.daldewolf.com\/fr\/wp-json\/wp\/v2\/users\/5"}],"replies":[{"embeddable":true,"href":"https:\/\/www.daldewolf.com\/fr\/wp-json\/wp\/v2\/comments?post=5639"}],"version-history":[{"count":0,"href":"https:\/\/www.daldewolf.com\/fr\/wp-json\/wp\/v2\/posts\/5639\/revisions"}],"wp:featuredmedia":[{"embeddable":true,"href":"https:\/\/www.daldewolf.com\/fr\/wp-json\/wp\/v2\/media\/5632"}],"wp:attachment":[{"href":"https:\/\/www.daldewolf.com\/fr\/wp-json\/wp\/v2\/media?parent=5639"}],"wp:term":[{"taxonomy":"category","embeddable":true,"href":"https:\/\/www.daldewolf.com\/fr\/wp-json\/wp\/v2\/categories?post=5639"},{"taxonomy":"post_tag","embeddable":true,"href":"https:\/\/www.daldewolf.com\/fr\/wp-json\/wp\/v2\/tags?post=5639"}],"curies":[{"name":"wp","href":"https:\/\/api.w.org\/{rel}","templated":true}]}}