{"id":4977,"date":"2022-01-04T14:46:43","date_gmt":"2022-01-04T14:46:43","guid":{"rendered":"https:\/\/www.daldewolf.com\/?p=4977"},"modified":"2022-01-04T14:46:43","modified_gmt":"2022-01-04T14:46:43","slug":"daldewolf-sagrandit-avec-cinq-nouveaux-recrutements","status":"publish","type":"post","link":"https:\/\/www.daldewolf.com\/fr\/daldewolf-sagrandit-avec-cinq-nouveaux-recrutements\/","title":{"rendered":"DALDEWOLF s&#8217;agrandit avec cinq nouveaux recrutements"},"content":{"rendered":"<p><img loading=\"lazy\" decoding=\"async\" class=\"wp-image-4974 aligncenter\" src=\"https:\/\/www.daldewolf.com\/wp-content\/uploads\/2022\/01\/5-new-hires-300x157.jpg\" alt=\"\" width=\"407\" height=\"213\" srcset=\"https:\/\/www.daldewolf.com\/wp-content\/uploads\/2022\/01\/5-new-hires-300x157.jpg 300w, https:\/\/www.daldewolf.com\/wp-content\/uploads\/2022\/01\/5-new-hires-1024x535.jpg 1024w\" sizes=\"auto, (max-width: 407px) 100vw, 407px\" \/><\/p>\n<p>DALDEWOLF, un cabinet d&#8217;avocats d&#8217;affaires ind\u00e9pendant de premier plan avec des bureaux \u00e0 Bruxelles et \u00e0 Kinshasa, renforce son bureau de Bruxelles avec l&#8217;embauche de quatre avocats et d&#8217;un Chief Impact Officer.<\/p>\n<p>DALDEWOLF annonce aujourd&#8217;hui la nomination de<\/p>\n<ul>\n<li>Robert de Baerdemaeker et Hilde Smout, respectivement Of Counsel et Counsel dans son \u00e9quipe de droit social en Belgique (plus de d\u00e9tails suivront bient\u00f4t sur cette fantastique nouvelle):\n<ul>\n<li>Robert a d\u00e9velopp\u00e9 une expertise approfondie et reconnue en droit du travail, droit p\u00e9nal du travail, droit de la s\u00e9curit\u00e9 sociale et droit p\u00e9nal financier ;<\/li>\n<li>Hilde est tr\u00e8s appr\u00e9ci\u00e9e par ses clients et ses coll\u00e8gues pour les services juridiques complets qu&#8217;elle fournit en droit social ;<\/li>\n<\/ul>\n<\/li>\n<li>Quentin Van den Eynde comme nouveau Counsel au sein de l&#8217;\u00e9quipe d\u2019Arbitrage, litiges complexes et m\u00e9diation en Belgique et du Desk US du cabinet ;<\/li>\n<li>Alexander Vandendries, nouveau collaborateur au sein de l&#8217;\u00e9quipe de droit fiscal en Belgique.<\/li>\n<\/ul>\n<p>DALDEWOLF annonce \u00e9galement aujourd&#8217;hui la nomination de Mathieu Maes en tant que premier Chief Impact Officer du cabinet. Auparavant, il \u00e9tait le Secr\u00e9taire G\u00e9n\u00e9ral de la Chambre de Commerce Internationale en Belgique (ICC Belgium). Chez DALDEWOLF, Mathieu supervisera des fonctions de strat\u00e9gie et de d\u00e9veloppement dans les diff\u00e9rents bureaux, contribuant \u00e0 aligner la prise de d\u00e9cision sur les objectifs et \u00e0 prendre en compte l&#8217;impact des pratiques sur les activit\u00e9s des clients.<\/p>\n<p>&#8220;<em>L&#8217;arriv\u00e9e de Hilde, Robert, Quentin et Alexander chez DALDEWOLF est une excellente nouvelle pour soutenir la croissance de notre cabinet et nous sommes impatients de travailler avec chacun d&#8217;entre eux &#8220;<\/em>, a d\u00e9clar\u00e9 Patrick De Wolf, Managing Partner de DALDEWOLF. <em>&#8220;Notre entreprise est engag\u00e9e dans le changement et l&#8217;impact positif. Ce jour marque \u00e9galement le d\u00e9but d\u2019une phase passionnante dans le d\u00e9veloppement de DALDEWOLF, avec l&#8217;ambition que Mathieu contribue \u00e0 accompagner le d\u00e9fi auquel sont confront\u00e9s les avocats pour int\u00e9grer de mani\u00e8re plus s\u00fbre les dimensions contentieuses et politiques de la responsabilit\u00e9 des entreprises. Tant pour le cabinet que pour les clients, il convient de se demander si nous pouvons am\u00e9liorer le r\u00e9sultat net de la performance environnementale et sociale.<\/em>&#8221;<\/p>\n<p>&nbsp;<\/p>\n","protected":false},"excerpt":{"rendered":"<p>DALDEWOLF, un cabinet d&#8217;avocats d&#8217;affaires ind\u00e9pendant de premier plan avec des bureaux \u00e0 Bruxelles et \u00e0 Kinshasa, renforce son bureau de Bruxelles avec l&#8217;embauche de quatre avocats et d&#8217;un Chief Impact Officer. DALDEWOLF annonce aujourd&#8217;hui la nomination de Robert de Baerdemaeker et Hilde Smout, respectivement Of Counsel et Counsel dans son \u00e9quipe de droit social&#8230;<\/p>\n","protected":false},"author":4,"featured_media":0,"comment_status":"closed","ping_status":"closed","sticky":false,"template":"","format":"standard","meta":{"_acf_changed":false,"footnotes":""},"categories":[58],"tags":[],"class_list":["post-4977","post","type-post","status-publish","format-standard","hentry","category-news"],"acf":[],"yoast_head":"<!-- This site is optimized with the Yoast SEO plugin v27.4 - https:\/\/yoast.com\/product\/yoast-seo-wordpress\/ -->\n<title>DALDEWOLF s&#039;agrandit avec cinq nouveaux recrutements - DALDEWOLF<\/title>\n<meta name=\"robots\" content=\"index, follow, max-snippet:-1, max-image-preview:large, max-video-preview:-1\" \/>\n<link rel=\"canonical\" href=\"https:\/\/www.daldewolf.com\/en\/daldewolf-grows-with-five-new-hires\/\" \/>\n<meta property=\"og:locale\" content=\"fr_FR\" \/>\n<meta property=\"og:type\" content=\"article\" \/>\n<meta property=\"og:title\" content=\"DALDEWOLF s&#039;agrandit avec cinq nouveaux recrutements - DALDEWOLF\" \/>\n<meta property=\"og:description\" content=\"DALDEWOLF, un cabinet d&#8217;avocats d&#8217;affaires ind\u00e9pendant de premier plan avec des bureaux \u00e0 Bruxelles et \u00e0 Kinshasa, renforce son bureau de Bruxelles avec l&#8217;embauche de quatre avocats et d&#8217;un Chief Impact Officer. DALDEWOLF annonce aujourd&#8217;hui la nomination de Robert de Baerdemaeker et Hilde Smout, respectivement Of Counsel et Counsel dans son \u00e9quipe de droit social...\" \/>\n<meta property=\"og:url\" content=\"https:\/\/www.daldewolf.com\/en\/daldewolf-grows-with-five-new-hires\/\" \/>\n<meta property=\"og:site_name\" content=\"DALDEWOLF\" \/>\n<meta property=\"article:published_time\" content=\"2022-01-04T14:46:43+00:00\" \/>\n<meta property=\"og:image\" content=\"https:\/\/www.daldewolf.com\/wp-content\/uploads\/2022\/01\/5-new-hires-300x157.jpg\" \/>\n<meta name=\"author\" content=\"daldewolf-admin\" \/>\n<meta name=\"twitter:card\" content=\"summary_large_image\" \/>\n<meta name=\"twitter:label1\" content=\"\u00c9crit par\" \/>\n\t<meta name=\"twitter:data1\" content=\"daldewolf-admin\" \/>\n\t<meta name=\"twitter:label2\" content=\"Dur\u00e9e de lecture estim\u00e9e\" \/>\n\t<meta name=\"twitter:data2\" content=\"2 minutes\" \/>\n<script type=\"application\/ld+json\" class=\"yoast-schema-graph\">{\"@context\":\"https:\\\/\\\/schema.org\",\"@graph\":[{\"@type\":\"Article\",\"@id\":\"https:\\\/\\\/www.daldewolf.com\\\/en\\\/daldewolf-grows-with-five-new-hires\\\/#article\",\"isPartOf\":{\"@id\":\"https:\\\/\\\/www.daldewolf.com\\\/en\\\/daldewolf-grows-with-five-new-hires\\\/\"},\"author\":{\"name\":\"daldewolf-admin\",\"@id\":\"https:\\\/\\\/www.daldewolf.com\\\/nl\\\/#\\\/schema\\\/person\\\/2b729bb994cea798211b29fbabbbac1e\"},\"headline\":\"DALDEWOLF s&#8217;agrandit avec cinq nouveaux recrutements\",\"datePublished\":\"2022-01-04T14:46:43+00:00\",\"mainEntityOfPage\":{\"@id\":\"https:\\\/\\\/www.daldewolf.com\\\/en\\\/daldewolf-grows-with-five-new-hires\\\/\"},\"wordCount\":390,\"publisher\":{\"@id\":\"https:\\\/\\\/www.daldewolf.com\\\/nl\\\/#organization\"},\"image\":{\"@id\":\"https:\\\/\\\/www.daldewolf.com\\\/en\\\/daldewolf-grows-with-five-new-hires\\\/#primaryimage\"},\"thumbnailUrl\":\"https:\\\/\\\/www.daldewolf.com\\\/wp-content\\\/uploads\\\/2022\\\/01\\\/5-new-hires-300x157.jpg\",\"articleSection\":[\"news\"],\"inLanguage\":\"fr-FR\"},{\"@type\":\"WebPage\",\"@id\":\"https:\\\/\\\/www.daldewolf.com\\\/en\\\/daldewolf-grows-with-five-new-hires\\\/\",\"url\":\"https:\\\/\\\/www.daldewolf.com\\\/en\\\/daldewolf-grows-with-five-new-hires\\\/\",\"name\":\"DALDEWOLF s'agrandit avec cinq nouveaux recrutements - DALDEWOLF\",\"isPartOf\":{\"@id\":\"https:\\\/\\\/www.daldewolf.com\\\/nl\\\/#website\"},\"primaryImageOfPage\":{\"@id\":\"https:\\\/\\\/www.daldewolf.com\\\/en\\\/daldewolf-grows-with-five-new-hires\\\/#primaryimage\"},\"image\":{\"@id\":\"https:\\\/\\\/www.daldewolf.com\\\/en\\\/daldewolf-grows-with-five-new-hires\\\/#primaryimage\"},\"thumbnailUrl\":\"https:\\\/\\\/www.daldewolf.com\\\/wp-content\\\/uploads\\\/2022\\\/01\\\/5-new-hires-300x157.jpg\",\"datePublished\":\"2022-01-04T14:46:43+00:00\",\"breadcrumb\":{\"@id\":\"https:\\\/\\\/www.daldewolf.com\\\/en\\\/daldewolf-grows-with-five-new-hires\\\/#breadcrumb\"},\"inLanguage\":\"fr-FR\",\"potentialAction\":[{\"@type\":\"ReadAction\",\"target\":[\"https:\\\/\\\/www.daldewolf.com\\\/en\\\/daldewolf-grows-with-five-new-hires\\\/\"]}]},{\"@type\":\"ImageObject\",\"inLanguage\":\"fr-FR\",\"@id\":\"https:\\\/\\\/www.daldewolf.com\\\/en\\\/daldewolf-grows-with-five-new-hires\\\/#primaryimage\",\"url\":\"https:\\\/\\\/www.daldewolf.com\\\/wp-content\\\/uploads\\\/2022\\\/01\\\/5-new-hires-300x157.jpg\",\"contentUrl\":\"https:\\\/\\\/www.daldewolf.com\\\/wp-content\\\/uploads\\\/2022\\\/01\\\/5-new-hires-300x157.jpg\"},{\"@type\":\"BreadcrumbList\",\"@id\":\"https:\\\/\\\/www.daldewolf.com\\\/en\\\/daldewolf-grows-with-five-new-hires\\\/#breadcrumb\",\"itemListElement\":[{\"@type\":\"ListItem\",\"position\":1,\"name\":\"Home\",\"item\":\"https:\\\/\\\/www.daldewolf.com\\\/fr\\\/\"},{\"@type\":\"ListItem\",\"position\":2,\"name\":\"DALDEWOLF s&#8217;agrandit avec cinq nouveaux recrutements\"}]},{\"@type\":\"WebSite\",\"@id\":\"https:\\\/\\\/www.daldewolf.com\\\/nl\\\/#website\",\"url\":\"https:\\\/\\\/www.daldewolf.com\\\/nl\\\/\",\"name\":\"DALDEWOLF\",\"description\":\"Independant Law firm, Since 1958.\",\"publisher\":{\"@id\":\"https:\\\/\\\/www.daldewolf.com\\\/nl\\\/#organization\"},\"potentialAction\":[{\"@type\":\"SearchAction\",\"target\":{\"@type\":\"EntryPoint\",\"urlTemplate\":\"https:\\\/\\\/www.daldewolf.com\\\/nl\\\/?s={search_term_string}\"},\"query-input\":{\"@type\":\"PropertyValueSpecification\",\"valueRequired\":true,\"valueName\":\"search_term_string\"}}],\"inLanguage\":\"fr-FR\"},{\"@type\":\"Organization\",\"@id\":\"https:\\\/\\\/www.daldewolf.com\\\/nl\\\/#organization\",\"name\":\"DALDEWOLF\",\"url\":\"https:\\\/\\\/www.daldewolf.com\\\/nl\\\/\",\"logo\":{\"@type\":\"ImageObject\",\"inLanguage\":\"fr-FR\",\"@id\":\"https:\\\/\\\/www.daldewolf.com\\\/nl\\\/#\\\/schema\\\/logo\\\/image\\\/\",\"url\":\"https:\\\/\\\/www.daldewolf.com\\\/wp-content\\\/uploads\\\/2020\\\/05\\\/Logo-Daldewolf.png\",\"contentUrl\":\"https:\\\/\\\/www.daldewolf.com\\\/wp-content\\\/uploads\\\/2020\\\/05\\\/Logo-Daldewolf.png\",\"width\":320,\"height\":40,\"caption\":\"DALDEWOLF\"},\"image\":{\"@id\":\"https:\\\/\\\/www.daldewolf.com\\\/nl\\\/#\\\/schema\\\/logo\\\/image\\\/\"},\"sameAs\":[\"https:\\\/\\\/www.linkedin.com\\\/company\\\/10193320\"]},{\"@type\":\"Person\",\"@id\":\"https:\\\/\\\/www.daldewolf.com\\\/nl\\\/#\\\/schema\\\/person\\\/2b729bb994cea798211b29fbabbbac1e\",\"name\":\"daldewolf-admin\",\"image\":{\"@type\":\"ImageObject\",\"inLanguage\":\"fr-FR\",\"@id\":\"https:\\\/\\\/secure.gravatar.com\\\/avatar\\\/752e94ee65450d9bac4adf789cbc1dfd0a1cca5f51532f1c021a33c89eb4bbaf?s=96&d=mm&r=g\",\"url\":\"https:\\\/\\\/secure.gravatar.com\\\/avatar\\\/752e94ee65450d9bac4adf789cbc1dfd0a1cca5f51532f1c021a33c89eb4bbaf?s=96&d=mm&r=g\",\"contentUrl\":\"https:\\\/\\\/secure.gravatar.com\\\/avatar\\\/752e94ee65450d9bac4adf789cbc1dfd0a1cca5f51532f1c021a33c89eb4bbaf?s=96&d=mm&r=g\",\"caption\":\"daldewolf-admin\"},\"url\":\"https:\\\/\\\/www.daldewolf.com\\\/fr\\\/author\\\/daldewolf-admin\\\/\"}]}<\/script>\n<!-- \/ Yoast SEO plugin. -->","yoast_head_json":{"title":"DALDEWOLF s'agrandit avec cinq nouveaux recrutements - DALDEWOLF","robots":{"index":"index","follow":"follow","max-snippet":"max-snippet:-1","max-image-preview":"max-image-preview:large","max-video-preview":"max-video-preview:-1"},"canonical":"https:\/\/www.daldewolf.com\/en\/daldewolf-grows-with-five-new-hires\/","og_locale":"fr_FR","og_type":"article","og_title":"DALDEWOLF s'agrandit avec cinq nouveaux recrutements - DALDEWOLF","og_description":"DALDEWOLF, un cabinet d&#8217;avocats d&#8217;affaires ind\u00e9pendant de premier plan avec des bureaux \u00e0 Bruxelles et \u00e0 Kinshasa, renforce son bureau de Bruxelles avec l&#8217;embauche de quatre avocats et d&#8217;un Chief Impact Officer. DALDEWOLF annonce aujourd&#8217;hui la nomination de Robert de Baerdemaeker et Hilde Smout, respectivement Of Counsel et Counsel dans son \u00e9quipe de droit social...","og_url":"https:\/\/www.daldewolf.com\/en\/daldewolf-grows-with-five-new-hires\/","og_site_name":"DALDEWOLF","article_published_time":"2022-01-04T14:46:43+00:00","og_image":[{"url":"https:\/\/www.daldewolf.com\/wp-content\/uploads\/2022\/01\/5-new-hires-300x157.jpg","type":"","width":"","height":""}],"author":"daldewolf-admin","twitter_card":"summary_large_image","twitter_misc":{"\u00c9crit par":"daldewolf-admin","Dur\u00e9e de lecture estim\u00e9e":"2 minutes"},"schema":{"@context":"https:\/\/schema.org","@graph":[{"@type":"Article","@id":"https:\/\/www.daldewolf.com\/en\/daldewolf-grows-with-five-new-hires\/#article","isPartOf":{"@id":"https:\/\/www.daldewolf.com\/en\/daldewolf-grows-with-five-new-hires\/"},"author":{"name":"daldewolf-admin","@id":"https:\/\/www.daldewolf.com\/nl\/#\/schema\/person\/2b729bb994cea798211b29fbabbbac1e"},"headline":"DALDEWOLF s&#8217;agrandit avec cinq nouveaux recrutements","datePublished":"2022-01-04T14:46:43+00:00","mainEntityOfPage":{"@id":"https:\/\/www.daldewolf.com\/en\/daldewolf-grows-with-five-new-hires\/"},"wordCount":390,"publisher":{"@id":"https:\/\/www.daldewolf.com\/nl\/#organization"},"image":{"@id":"https:\/\/www.daldewolf.com\/en\/daldewolf-grows-with-five-new-hires\/#primaryimage"},"thumbnailUrl":"https:\/\/www.daldewolf.com\/wp-content\/uploads\/2022\/01\/5-new-hires-300x157.jpg","articleSection":["news"],"inLanguage":"fr-FR"},{"@type":"WebPage","@id":"https:\/\/www.daldewolf.com\/en\/daldewolf-grows-with-five-new-hires\/","url":"https:\/\/www.daldewolf.com\/en\/daldewolf-grows-with-five-new-hires\/","name":"DALDEWOLF s'agrandit avec cinq nouveaux recrutements - DALDEWOLF","isPartOf":{"@id":"https:\/\/www.daldewolf.com\/nl\/#website"},"primaryImageOfPage":{"@id":"https:\/\/www.daldewolf.com\/en\/daldewolf-grows-with-five-new-hires\/#primaryimage"},"image":{"@id":"https:\/\/www.daldewolf.com\/en\/daldewolf-grows-with-five-new-hires\/#primaryimage"},"thumbnailUrl":"https:\/\/www.daldewolf.com\/wp-content\/uploads\/2022\/01\/5-new-hires-300x157.jpg","datePublished":"2022-01-04T14:46:43+00:00","breadcrumb":{"@id":"https:\/\/www.daldewolf.com\/en\/daldewolf-grows-with-five-new-hires\/#breadcrumb"},"inLanguage":"fr-FR","potentialAction":[{"@type":"ReadAction","target":["https:\/\/www.daldewolf.com\/en\/daldewolf-grows-with-five-new-hires\/"]}]},{"@type":"ImageObject","inLanguage":"fr-FR","@id":"https:\/\/www.daldewolf.com\/en\/daldewolf-grows-with-five-new-hires\/#primaryimage","url":"https:\/\/www.daldewolf.com\/wp-content\/uploads\/2022\/01\/5-new-hires-300x157.jpg","contentUrl":"https:\/\/www.daldewolf.com\/wp-content\/uploads\/2022\/01\/5-new-hires-300x157.jpg"},{"@type":"BreadcrumbList","@id":"https:\/\/www.daldewolf.com\/en\/daldewolf-grows-with-five-new-hires\/#breadcrumb","itemListElement":[{"@type":"ListItem","position":1,"name":"Home","item":"https:\/\/www.daldewolf.com\/fr\/"},{"@type":"ListItem","position":2,"name":"DALDEWOLF s&#8217;agrandit avec cinq nouveaux recrutements"}]},{"@type":"WebSite","@id":"https:\/\/www.daldewolf.com\/nl\/#website","url":"https:\/\/www.daldewolf.com\/nl\/","name":"DALDEWOLF","description":"Independant Law firm, Since 1958.","publisher":{"@id":"https:\/\/www.daldewolf.com\/nl\/#organization"},"potentialAction":[{"@type":"SearchAction","target":{"@type":"EntryPoint","urlTemplate":"https:\/\/www.daldewolf.com\/nl\/?s={search_term_string}"},"query-input":{"@type":"PropertyValueSpecification","valueRequired":true,"valueName":"search_term_string"}}],"inLanguage":"fr-FR"},{"@type":"Organization","@id":"https:\/\/www.daldewolf.com\/nl\/#organization","name":"DALDEWOLF","url":"https:\/\/www.daldewolf.com\/nl\/","logo":{"@type":"ImageObject","inLanguage":"fr-FR","@id":"https:\/\/www.daldewolf.com\/nl\/#\/schema\/logo\/image\/","url":"https:\/\/www.daldewolf.com\/wp-content\/uploads\/2020\/05\/Logo-Daldewolf.png","contentUrl":"https:\/\/www.daldewolf.com\/wp-content\/uploads\/2020\/05\/Logo-Daldewolf.png","width":320,"height":40,"caption":"DALDEWOLF"},"image":{"@id":"https:\/\/www.daldewolf.com\/nl\/#\/schema\/logo\/image\/"},"sameAs":["https:\/\/www.linkedin.com\/company\/10193320"]},{"@type":"Person","@id":"https:\/\/www.daldewolf.com\/nl\/#\/schema\/person\/2b729bb994cea798211b29fbabbbac1e","name":"daldewolf-admin","image":{"@type":"ImageObject","inLanguage":"fr-FR","@id":"https:\/\/secure.gravatar.com\/avatar\/752e94ee65450d9bac4adf789cbc1dfd0a1cca5f51532f1c021a33c89eb4bbaf?s=96&d=mm&r=g","url":"https:\/\/secure.gravatar.com\/avatar\/752e94ee65450d9bac4adf789cbc1dfd0a1cca5f51532f1c021a33c89eb4bbaf?s=96&d=mm&r=g","contentUrl":"https:\/\/secure.gravatar.com\/avatar\/752e94ee65450d9bac4adf789cbc1dfd0a1cca5f51532f1c021a33c89eb4bbaf?s=96&d=mm&r=g","caption":"daldewolf-admin"},"url":"https:\/\/www.daldewolf.com\/fr\/author\/daldewolf-admin\/"}]}},"_links":{"self":[{"href":"https:\/\/www.daldewolf.com\/fr\/wp-json\/wp\/v2\/posts\/4977","targetHints":{"allow":["GET"]}}],"collection":[{"href":"https:\/\/www.daldewolf.com\/fr\/wp-json\/wp\/v2\/posts"}],"about":[{"href":"https:\/\/www.daldewolf.com\/fr\/wp-json\/wp\/v2\/types\/post"}],"author":[{"embeddable":true,"href":"https:\/\/www.daldewolf.com\/fr\/wp-json\/wp\/v2\/users\/4"}],"replies":[{"embeddable":true,"href":"https:\/\/www.daldewolf.com\/fr\/wp-json\/wp\/v2\/comments?post=4977"}],"version-history":[{"count":0,"href":"https:\/\/www.daldewolf.com\/fr\/wp-json\/wp\/v2\/posts\/4977\/revisions"}],"wp:attachment":[{"href":"https:\/\/www.daldewolf.com\/fr\/wp-json\/wp\/v2\/media?parent=4977"}],"wp:term":[{"taxonomy":"category","embeddable":true,"href":"https:\/\/www.daldewolf.com\/fr\/wp-json\/wp\/v2\/categories?post=4977"},{"taxonomy":"post_tag","embeddable":true,"href":"https:\/\/www.daldewolf.com\/fr\/wp-json\/wp\/v2\/tags?post=4977"}],"curies":[{"name":"wp","href":"https:\/\/api.w.org\/{rel}","templated":true}]}}