{"id":4669,"date":"2021-10-08T09:37:38","date_gmt":"2021-10-08T09:37:38","guid":{"rendered":"https:\/\/www.daldewolf.com\/?p=4669"},"modified":"2021-10-08T10:29:00","modified_gmt":"2021-10-08T10:29:00","slug":"cycle-adaptation-des-statuts-au-nouveau-code-des-societes-et-associations","status":"publish","type":"post","link":"https:\/\/www.daldewolf.com\/fr\/cycle-adaptation-des-statuts-au-nouveau-code-des-societes-et-associations\/","title":{"rendered":"Cycle : Adaptation des statuts au nouveau Code des soci\u00e9t\u00e9s et associations"},"content":{"rendered":"<p><span class=\"break-words\"><span dir=\"ltr\">Cycle de formation d&#8217;octobre \u00e0 d\u00e9cembre 2021 propos\u00e9 par le Centre de formation multidisciplinaire, sous la direction de Michel De Wolf.<\/span><\/span><\/p>\n<p>Rejoignez-nous d\u00e8s le 26 octobre 2021, \u00e0 distance, pour un cycle de formation dense, innovant, et pratique sur la MISE EN CONFORMIT\u00c9 des STATUTS de votre SOCI\u00c9T\u00c9 ou de votre ASSOCIATION (ou de celles de vos clients) au Code des soci\u00e9t\u00e9s et des associations.<\/p>\n<p><span class=\"break-words\"><span dir=\"ltr\"><br \/>\nProgramme\u00a0:<br \/>\nquatre demi-journ\u00e9es th\u00e9oriques en distanciel et quatre journ\u00e9es pratiques en pr\u00e9sentiel. Vous pouvez CHOISIR les modules qui vous int\u00e9ressent, OU participer \u00e0 la TOTALIT\u00c9 du cycle (37 heures).<br \/>\nPartie commune (4 heures \u2013 \u00e0 distance sur &#8216;teams&#8217; \u2013 mardi 26 octobre 8 h 30 \u00e0 12 h 30).<br \/>\nSp\u00e9cificit\u00e9s ASBL \/ AISBL (3 heures \u2013 \u00e0 distance sur &#8216;teams&#8217; \u2013 mardi 9 novembre de 9 \u00e0 12 heures).<br \/>\nSoci\u00e9t\u00e9s SRL \/ SA \/ SC (2 demi-jours \u2013 \u00e0 distance sur &#8216;teams&#8217;) :<br \/>\n* Traits communs (jeudi 18 novembre \u2013 9 \u00e0 12 heures).<br \/>\n* Sp\u00e9cificit\u00e9s (mardi 23 novembre \u2013 9 \u00e0 12 heures).<br \/>\nExercices pratiques (\u00e0 chaque fois une journ\u00e9e, en pr\u00e9sentiel \u00e0 Waremme, avec une limite de 20 participants par journ\u00e9e \u2013 10 \u00e0 13 h et 14 \u00e0 17 h &#8211; buffet d\u00e9jeuner de 13 \u00e0 14 h). A chaque fois, l&#8217;exercice consistera, sous la conduite de Michel De Wolf, \u00e0 r\u00e9diger une adaptation des statuts actuels de votre soci\u00e9t\u00e9 ou de votre association (ou d&#8217;une soci\u00e9t\u00e9 ou association type).<br \/>\n<\/span><\/span><\/p>\n<ul>\n<li><span class=\"break-words\"><span dir=\"ltr\">ASBL : vendredi 3 d\u00e9cembre<\/span><\/span><\/li>\n<li><span class=\"break-words\"><span dir=\"ltr\">SRL \/ SC : lundi 6 d\u00e9cembre<\/span><\/span><\/li>\n<li><span class=\"break-words\"><span dir=\"ltr\">SA : vendredi 10 d\u00e9cembre<\/span><\/span><\/li>\n<li><span class=\"break-words\"><span class=\"break-words\"><span dir=\"ltr\">AISBL : vendredi 17 d\u00e9cembre.<\/span><\/span><\/span>Orateurs :\n<ul>\n<li><span class=\"break-words\"><span dir=\"ltr\">Michel DE WOLF<\/span><\/span><\/li>\n<li><a href=\"https:\/\/www.daldewolf.com\/equipe\/patrick-de-wolf\/\"><span class=\"break-words\"><span dir=\"ltr\">Patrick DE WOLF<\/span><\/span><\/a><\/li>\n<li><a href=\"https:\/\/www.daldewolf.com\/equipe\/dominique-bogaert\/\"><span class=\"break-words\"><span dir=\"ltr\"> Dominique BOGAERT<\/span><\/span><\/a><\/li>\n<li><span class=\"break-words\"><span dir=\"ltr\"><a href=\"https:\/\/www.daldewolf.com\/equipe\/fabian-tchekemian\/\">Fabian TCH\u00c9K\u00c9MIAN<\/a><br \/>\n<\/span><\/span><\/li>\n<\/ul>\n<\/li>\n<\/ul>\n<p><span class=\"break-words\"><span dir=\"ltr\"><br \/>\nPlus d&#8217;informations?<br \/>\n<\/span><\/span><span class=\"break-words\"><span dir=\"ltr\">Envoyez un mail \u00e0 : <a href=\"mailto:info@dwgconsult.eu\" data-attribute-index=\"1\">info@dwgconsult.eu<\/a> ou <a href=\"mailto:dwgmicwaremme@gmail.com\" data-attribute-index=\"2\">dwgmicwaremme@gmail.com<\/a> <\/span><\/span><span class=\"break-words\"><span dir=\"ltr\"><br \/>\n<\/span><\/span><\/p>\n<p><span class=\"break-words\"><span dir=\"ltr\">Inscriptions :<br \/>\n<\/span><\/span><a href=\"http:\/\/dwgconsult.eu\/\">http:\/\/dwgconsult.eu\/<\/a><\/p>\n","protected":false},"excerpt":{"rendered":"<p>Cycle de formation d&#8217;octobre \u00e0 d\u00e9cembre 2021 propos\u00e9 par le Centre de formation multidisciplinaire, sous la direction de Michel De Wolf. Rejoignez-nous d\u00e8s le 26 octobre 2021, \u00e0 distance, pour un cycle de formation dense, innovant, et pratique sur la MISE EN CONFORMIT\u00c9 des STATUTS de votre SOCI\u00c9T\u00c9 ou de votre ASSOCIATION (ou de celles&#8230;<\/p>\n","protected":false},"author":4,"featured_media":0,"comment_status":"closed","ping_status":"closed","sticky":false,"template":"","format":"standard","meta":{"_acf_changed":false,"footnotes":""},"categories":[58],"tags":[],"class_list":["post-4669","post","type-post","status-publish","format-standard","hentry","category-news"],"acf":[],"yoast_head":"<!-- This site is optimized with the Yoast SEO plugin v27.4 - https:\/\/yoast.com\/product\/yoast-seo-wordpress\/ -->\n<title>Cycle : Adaptation des statuts au nouveau CSA - DALDEWOLF<\/title>\n<meta name=\"description\" content=\"Cycle : Adaptation des statuts au nouveau CSA. Octobre &gt; D\u00e9cembre 2021 Intervenants Patrick DE WOLF, Fabian TCH\u00c9K\u00c9MIAN et Dominique BOGAERT\" \/>\n<meta name=\"robots\" content=\"index, follow, max-snippet:-1, max-image-preview:large, max-video-preview:-1\" \/>\n<link rel=\"canonical\" href=\"https:\/\/www.daldewolf.com\/fr\/cycle-adaptation-des-statuts-au-nouveau-code-des-societes-et-associations\/\" \/>\n<meta property=\"og:locale\" content=\"fr_FR\" \/>\n<meta property=\"og:type\" content=\"article\" \/>\n<meta property=\"og:title\" content=\"Cycle : Adaptation des statuts au nouveau CSA - DALDEWOLF\" \/>\n<meta property=\"og:description\" content=\"Cycle : Adaptation des statuts au nouveau CSA. Octobre &gt; D\u00e9cembre 2021 Intervenants Patrick DE WOLF, Fabian TCH\u00c9K\u00c9MIAN et Dominique BOGAERT\" \/>\n<meta property=\"og:url\" content=\"https:\/\/www.daldewolf.com\/fr\/cycle-adaptation-des-statuts-au-nouveau-code-des-societes-et-associations\/\" \/>\n<meta property=\"og:site_name\" content=\"DALDEWOLF\" \/>\n<meta property=\"article:published_time\" content=\"2021-10-08T09:37:38+00:00\" \/>\n<meta property=\"article:modified_time\" content=\"2021-10-08T10:29:00+00:00\" \/>\n<meta property=\"og:image\" content=\"https:\/\/www.daldewolf.com\/wp-content\/uploads\/2021\/05\/Daldewolf-fb.png\" \/>\n\t<meta property=\"og:image:width\" content=\"600\" \/>\n\t<meta property=\"og:image:height\" content=\"315\" \/>\n\t<meta property=\"og:image:type\" content=\"image\/png\" \/>\n<meta name=\"author\" content=\"daldewolf-admin\" \/>\n<meta name=\"twitter:card\" content=\"summary_large_image\" \/>\n<meta name=\"twitter:label1\" content=\"\u00c9crit par\" \/>\n\t<meta name=\"twitter:data1\" content=\"daldewolf-admin\" \/>\n\t<meta name=\"twitter:label2\" content=\"Dur\u00e9e de lecture estim\u00e9e\" \/>\n\t<meta name=\"twitter:data2\" content=\"1 minute\" \/>\n<script type=\"application\/ld+json\" class=\"yoast-schema-graph\">{\"@context\":\"https:\\\/\\\/schema.org\",\"@graph\":[{\"@type\":\"Article\",\"@id\":\"https:\\\/\\\/www.daldewolf.com\\\/fr\\\/cycle-adaptation-des-statuts-au-nouveau-code-des-societes-et-associations\\\/#article\",\"isPartOf\":{\"@id\":\"https:\\\/\\\/www.daldewolf.com\\\/fr\\\/cycle-adaptation-des-statuts-au-nouveau-code-des-societes-et-associations\\\/\"},\"author\":{\"name\":\"daldewolf-admin\",\"@id\":\"https:\\\/\\\/www.daldewolf.com\\\/nl\\\/#\\\/schema\\\/person\\\/2b729bb994cea798211b29fbabbbac1e\"},\"headline\":\"Cycle : Adaptation des statuts au nouveau Code des soci\u00e9t\u00e9s et associations\",\"datePublished\":\"2021-10-08T09:37:38+00:00\",\"dateModified\":\"2021-10-08T10:29:00+00:00\",\"mainEntityOfPage\":{\"@id\":\"https:\\\/\\\/www.daldewolf.com\\\/fr\\\/cycle-adaptation-des-statuts-au-nouveau-code-des-societes-et-associations\\\/\"},\"wordCount\":266,\"publisher\":{\"@id\":\"https:\\\/\\\/www.daldewolf.com\\\/nl\\\/#organization\"},\"articleSection\":[\"news\"],\"inLanguage\":\"fr-FR\"},{\"@type\":\"WebPage\",\"@id\":\"https:\\\/\\\/www.daldewolf.com\\\/fr\\\/cycle-adaptation-des-statuts-au-nouveau-code-des-societes-et-associations\\\/\",\"url\":\"https:\\\/\\\/www.daldewolf.com\\\/fr\\\/cycle-adaptation-des-statuts-au-nouveau-code-des-societes-et-associations\\\/\",\"name\":\"Cycle : Adaptation des statuts au nouveau CSA - DALDEWOLF\",\"isPartOf\":{\"@id\":\"https:\\\/\\\/www.daldewolf.com\\\/nl\\\/#website\"},\"datePublished\":\"2021-10-08T09:37:38+00:00\",\"dateModified\":\"2021-10-08T10:29:00+00:00\",\"description\":\"Cycle : Adaptation des statuts au nouveau CSA. Octobre > D\u00e9cembre 2021 Intervenants Patrick DE WOLF, Fabian TCH\u00c9K\u00c9MIAN et Dominique BOGAERT\",\"breadcrumb\":{\"@id\":\"https:\\\/\\\/www.daldewolf.com\\\/fr\\\/cycle-adaptation-des-statuts-au-nouveau-code-des-societes-et-associations\\\/#breadcrumb\"},\"inLanguage\":\"fr-FR\",\"potentialAction\":[{\"@type\":\"ReadAction\",\"target\":[\"https:\\\/\\\/www.daldewolf.com\\\/fr\\\/cycle-adaptation-des-statuts-au-nouveau-code-des-societes-et-associations\\\/\"]}]},{\"@type\":\"BreadcrumbList\",\"@id\":\"https:\\\/\\\/www.daldewolf.com\\\/fr\\\/cycle-adaptation-des-statuts-au-nouveau-code-des-societes-et-associations\\\/#breadcrumb\",\"itemListElement\":[{\"@type\":\"ListItem\",\"position\":1,\"name\":\"Home\",\"item\":\"https:\\\/\\\/www.daldewolf.com\\\/fr\\\/\"},{\"@type\":\"ListItem\",\"position\":2,\"name\":\"Cycle : Adaptation des statuts au nouveau Code des soci\u00e9t\u00e9s et associations\"}]},{\"@type\":\"WebSite\",\"@id\":\"https:\\\/\\\/www.daldewolf.com\\\/nl\\\/#website\",\"url\":\"https:\\\/\\\/www.daldewolf.com\\\/nl\\\/\",\"name\":\"DALDEWOLF\",\"description\":\"Independant Law firm, Since 1958.\",\"publisher\":{\"@id\":\"https:\\\/\\\/www.daldewolf.com\\\/nl\\\/#organization\"},\"potentialAction\":[{\"@type\":\"SearchAction\",\"target\":{\"@type\":\"EntryPoint\",\"urlTemplate\":\"https:\\\/\\\/www.daldewolf.com\\\/nl\\\/?s={search_term_string}\"},\"query-input\":{\"@type\":\"PropertyValueSpecification\",\"valueRequired\":true,\"valueName\":\"search_term_string\"}}],\"inLanguage\":\"fr-FR\"},{\"@type\":\"Organization\",\"@id\":\"https:\\\/\\\/www.daldewolf.com\\\/nl\\\/#organization\",\"name\":\"DALDEWOLF\",\"url\":\"https:\\\/\\\/www.daldewolf.com\\\/nl\\\/\",\"logo\":{\"@type\":\"ImageObject\",\"inLanguage\":\"fr-FR\",\"@id\":\"https:\\\/\\\/www.daldewolf.com\\\/nl\\\/#\\\/schema\\\/logo\\\/image\\\/\",\"url\":\"https:\\\/\\\/www.daldewolf.com\\\/wp-content\\\/uploads\\\/2020\\\/05\\\/Logo-Daldewolf.png\",\"contentUrl\":\"https:\\\/\\\/www.daldewolf.com\\\/wp-content\\\/uploads\\\/2020\\\/05\\\/Logo-Daldewolf.png\",\"width\":320,\"height\":40,\"caption\":\"DALDEWOLF\"},\"image\":{\"@id\":\"https:\\\/\\\/www.daldewolf.com\\\/nl\\\/#\\\/schema\\\/logo\\\/image\\\/\"},\"sameAs\":[\"https:\\\/\\\/www.linkedin.com\\\/company\\\/10193320\"]},{\"@type\":\"Person\",\"@id\":\"https:\\\/\\\/www.daldewolf.com\\\/nl\\\/#\\\/schema\\\/person\\\/2b729bb994cea798211b29fbabbbac1e\",\"name\":\"daldewolf-admin\",\"image\":{\"@type\":\"ImageObject\",\"inLanguage\":\"fr-FR\",\"@id\":\"https:\\\/\\\/secure.gravatar.com\\\/avatar\\\/752e94ee65450d9bac4adf789cbc1dfd0a1cca5f51532f1c021a33c89eb4bbaf?s=96&d=mm&r=g\",\"url\":\"https:\\\/\\\/secure.gravatar.com\\\/avatar\\\/752e94ee65450d9bac4adf789cbc1dfd0a1cca5f51532f1c021a33c89eb4bbaf?s=96&d=mm&r=g\",\"contentUrl\":\"https:\\\/\\\/secure.gravatar.com\\\/avatar\\\/752e94ee65450d9bac4adf789cbc1dfd0a1cca5f51532f1c021a33c89eb4bbaf?s=96&d=mm&r=g\",\"caption\":\"daldewolf-admin\"},\"url\":\"https:\\\/\\\/www.daldewolf.com\\\/fr\\\/author\\\/daldewolf-admin\\\/\"}]}<\/script>\n<!-- \/ Yoast SEO plugin. -->","yoast_head_json":{"title":"Cycle : Adaptation des statuts au nouveau CSA - DALDEWOLF","description":"Cycle : Adaptation des statuts au nouveau CSA. Octobre > D\u00e9cembre 2021 Intervenants Patrick DE WOLF, Fabian TCH\u00c9K\u00c9MIAN et Dominique BOGAERT","robots":{"index":"index","follow":"follow","max-snippet":"max-snippet:-1","max-image-preview":"max-image-preview:large","max-video-preview":"max-video-preview:-1"},"canonical":"https:\/\/www.daldewolf.com\/fr\/cycle-adaptation-des-statuts-au-nouveau-code-des-societes-et-associations\/","og_locale":"fr_FR","og_type":"article","og_title":"Cycle : Adaptation des statuts au nouveau CSA - DALDEWOLF","og_description":"Cycle : Adaptation des statuts au nouveau CSA. Octobre > D\u00e9cembre 2021 Intervenants Patrick DE WOLF, Fabian TCH\u00c9K\u00c9MIAN et Dominique BOGAERT","og_url":"https:\/\/www.daldewolf.com\/fr\/cycle-adaptation-des-statuts-au-nouveau-code-des-societes-et-associations\/","og_site_name":"DALDEWOLF","article_published_time":"2021-10-08T09:37:38+00:00","article_modified_time":"2021-10-08T10:29:00+00:00","og_image":[{"width":600,"height":315,"url":"https:\/\/www.daldewolf.com\/wp-content\/uploads\/2021\/05\/Daldewolf-fb.png","type":"image\/png"}],"author":"daldewolf-admin","twitter_card":"summary_large_image","twitter_misc":{"\u00c9crit par":"daldewolf-admin","Dur\u00e9e de lecture estim\u00e9e":"1 minute"},"schema":{"@context":"https:\/\/schema.org","@graph":[{"@type":"Article","@id":"https:\/\/www.daldewolf.com\/fr\/cycle-adaptation-des-statuts-au-nouveau-code-des-societes-et-associations\/#article","isPartOf":{"@id":"https:\/\/www.daldewolf.com\/fr\/cycle-adaptation-des-statuts-au-nouveau-code-des-societes-et-associations\/"},"author":{"name":"daldewolf-admin","@id":"https:\/\/www.daldewolf.com\/nl\/#\/schema\/person\/2b729bb994cea798211b29fbabbbac1e"},"headline":"Cycle : Adaptation des statuts au nouveau Code des soci\u00e9t\u00e9s et associations","datePublished":"2021-10-08T09:37:38+00:00","dateModified":"2021-10-08T10:29:00+00:00","mainEntityOfPage":{"@id":"https:\/\/www.daldewolf.com\/fr\/cycle-adaptation-des-statuts-au-nouveau-code-des-societes-et-associations\/"},"wordCount":266,"publisher":{"@id":"https:\/\/www.daldewolf.com\/nl\/#organization"},"articleSection":["news"],"inLanguage":"fr-FR"},{"@type":"WebPage","@id":"https:\/\/www.daldewolf.com\/fr\/cycle-adaptation-des-statuts-au-nouveau-code-des-societes-et-associations\/","url":"https:\/\/www.daldewolf.com\/fr\/cycle-adaptation-des-statuts-au-nouveau-code-des-societes-et-associations\/","name":"Cycle : Adaptation des statuts au nouveau CSA - DALDEWOLF","isPartOf":{"@id":"https:\/\/www.daldewolf.com\/nl\/#website"},"datePublished":"2021-10-08T09:37:38+00:00","dateModified":"2021-10-08T10:29:00+00:00","description":"Cycle : Adaptation des statuts au nouveau CSA. Octobre > D\u00e9cembre 2021 Intervenants Patrick DE WOLF, Fabian TCH\u00c9K\u00c9MIAN et Dominique BOGAERT","breadcrumb":{"@id":"https:\/\/www.daldewolf.com\/fr\/cycle-adaptation-des-statuts-au-nouveau-code-des-societes-et-associations\/#breadcrumb"},"inLanguage":"fr-FR","potentialAction":[{"@type":"ReadAction","target":["https:\/\/www.daldewolf.com\/fr\/cycle-adaptation-des-statuts-au-nouveau-code-des-societes-et-associations\/"]}]},{"@type":"BreadcrumbList","@id":"https:\/\/www.daldewolf.com\/fr\/cycle-adaptation-des-statuts-au-nouveau-code-des-societes-et-associations\/#breadcrumb","itemListElement":[{"@type":"ListItem","position":1,"name":"Home","item":"https:\/\/www.daldewolf.com\/fr\/"},{"@type":"ListItem","position":2,"name":"Cycle : Adaptation des statuts au nouveau Code des soci\u00e9t\u00e9s et associations"}]},{"@type":"WebSite","@id":"https:\/\/www.daldewolf.com\/nl\/#website","url":"https:\/\/www.daldewolf.com\/nl\/","name":"DALDEWOLF","description":"Independant Law firm, Since 1958.","publisher":{"@id":"https:\/\/www.daldewolf.com\/nl\/#organization"},"potentialAction":[{"@type":"SearchAction","target":{"@type":"EntryPoint","urlTemplate":"https:\/\/www.daldewolf.com\/nl\/?s={search_term_string}"},"query-input":{"@type":"PropertyValueSpecification","valueRequired":true,"valueName":"search_term_string"}}],"inLanguage":"fr-FR"},{"@type":"Organization","@id":"https:\/\/www.daldewolf.com\/nl\/#organization","name":"DALDEWOLF","url":"https:\/\/www.daldewolf.com\/nl\/","logo":{"@type":"ImageObject","inLanguage":"fr-FR","@id":"https:\/\/www.daldewolf.com\/nl\/#\/schema\/logo\/image\/","url":"https:\/\/www.daldewolf.com\/wp-content\/uploads\/2020\/05\/Logo-Daldewolf.png","contentUrl":"https:\/\/www.daldewolf.com\/wp-content\/uploads\/2020\/05\/Logo-Daldewolf.png","width":320,"height":40,"caption":"DALDEWOLF"},"image":{"@id":"https:\/\/www.daldewolf.com\/nl\/#\/schema\/logo\/image\/"},"sameAs":["https:\/\/www.linkedin.com\/company\/10193320"]},{"@type":"Person","@id":"https:\/\/www.daldewolf.com\/nl\/#\/schema\/person\/2b729bb994cea798211b29fbabbbac1e","name":"daldewolf-admin","image":{"@type":"ImageObject","inLanguage":"fr-FR","@id":"https:\/\/secure.gravatar.com\/avatar\/752e94ee65450d9bac4adf789cbc1dfd0a1cca5f51532f1c021a33c89eb4bbaf?s=96&d=mm&r=g","url":"https:\/\/secure.gravatar.com\/avatar\/752e94ee65450d9bac4adf789cbc1dfd0a1cca5f51532f1c021a33c89eb4bbaf?s=96&d=mm&r=g","contentUrl":"https:\/\/secure.gravatar.com\/avatar\/752e94ee65450d9bac4adf789cbc1dfd0a1cca5f51532f1c021a33c89eb4bbaf?s=96&d=mm&r=g","caption":"daldewolf-admin"},"url":"https:\/\/www.daldewolf.com\/fr\/author\/daldewolf-admin\/"}]}},"_links":{"self":[{"href":"https:\/\/www.daldewolf.com\/fr\/wp-json\/wp\/v2\/posts\/4669","targetHints":{"allow":["GET"]}}],"collection":[{"href":"https:\/\/www.daldewolf.com\/fr\/wp-json\/wp\/v2\/posts"}],"about":[{"href":"https:\/\/www.daldewolf.com\/fr\/wp-json\/wp\/v2\/types\/post"}],"author":[{"embeddable":true,"href":"https:\/\/www.daldewolf.com\/fr\/wp-json\/wp\/v2\/users\/4"}],"replies":[{"embeddable":true,"href":"https:\/\/www.daldewolf.com\/fr\/wp-json\/wp\/v2\/comments?post=4669"}],"version-history":[{"count":0,"href":"https:\/\/www.daldewolf.com\/fr\/wp-json\/wp\/v2\/posts\/4669\/revisions"}],"wp:attachment":[{"href":"https:\/\/www.daldewolf.com\/fr\/wp-json\/wp\/v2\/media?parent=4669"}],"wp:term":[{"taxonomy":"category","embeddable":true,"href":"https:\/\/www.daldewolf.com\/fr\/wp-json\/wp\/v2\/categories?post=4669"},{"taxonomy":"post_tag","embeddable":true,"href":"https:\/\/www.daldewolf.com\/fr\/wp-json\/wp\/v2\/tags?post=4669"}],"curies":[{"name":"wp","href":"https:\/\/api.w.org\/{rel}","templated":true}]}}