{"id":4630,"date":"2021-10-08T07:28:58","date_gmt":"2021-10-08T07:28:58","guid":{"rendered":"https:\/\/www.daldewolf.com\/?p=4630"},"modified":"2021-10-08T07:28:58","modified_gmt":"2021-10-08T07:28:58","slug":"the-officil-by-daldewolf-septembre-2021-69","status":"publish","type":"post","link":"https:\/\/www.daldewolf.com\/fr\/the-officil-by-daldewolf-septembre-2021-69\/","title":{"rendered":"the OFFICI@L by DALDEWOLF &#8211; Septembre 2021 &#8211; #69"},"content":{"rendered":"<p>Le num\u00e9ro de septembre de notre newsletter the OFFICI@L\u201d , d\u00e9di\u00e9e aux fonctionnaires de l\u2019Union europ\u00e9enne, vient de para\u00eetre. Elle est disponible tant en fran\u00e7ais qu\u2019en anglais. Au programme ce mois-ci :<\/p>\n<p>-&gt; Focus sur la protection des lanceurs d&#8217;alerte par le Statut de la fonction publique europ\u00e9enne<\/p>\n<p>-&gt; Jurisprudence :\u00a0 Renforcement substantiel du devoir de sollicitude de l&#8217;Administration \u00e0 l&#8217;\u00e9gard des fonctionnaires en situation d&#8217;invalidit\u00e9<\/p>\n<p>-&gt; Actualit\u00e9s belges abordent comment r\u00e9agir si vous soup\u00e7onnez que votre factures de gaz soit \u00e9tablie sur base de donn\u00e9es de consommation erron\u00e9es<\/p>\n<p>-&gt; Section droits de l&#8217;homme : Discrimination homophobe et droit de garde<\/p>\n<p>Jetez-y un coup d\u2019\u0153il !<\/p>\n<p><a href=\"https:\/\/www.daldewolf.com\/wp-content\/uploads\/2021\/10\/the-OFFICI@L-by-DALDEWOLF-newsletter-69-fr.pdf\">T\u00e9l\u00e9charger the OFFICI@L &#8211; N\u00b0 69<\/a><\/p>\n<p><img loading=\"lazy\" decoding=\"async\" class=\"alignnone wp-image-4294\" src=\"https:\/\/www.daldewolf.com\/wp-content\/uploads\/2021\/06\/The-Official-No-68-FR-Cover.jpeg\" alt=\"\" width=\"183\" height=\"259\" srcset=\"https:\/\/www.daldewolf.com\/wp-content\/uploads\/2021\/06\/The-Official-No-68-FR-Cover.jpeg 1240w, https:\/\/www.daldewolf.com\/wp-content\/uploads\/2021\/06\/The-Official-No-68-FR-Cover-212x300.jpeg 212w, https:\/\/www.daldewolf.com\/wp-content\/uploads\/2021\/06\/The-Official-No-68-FR-Cover-724x1024.jpeg 724w\" sizes=\"auto, (max-width: 183px) 100vw, 183px\" \/><\/p>\n","protected":false},"excerpt":{"rendered":"<p>Le num\u00e9ro de septembre de notre newsletter the OFFICI@L\u201d , d\u00e9di\u00e9e aux fonctionnaires de l\u2019Union europ\u00e9enne, vient de para\u00eetre. Elle est disponible tant en fran\u00e7ais qu\u2019en anglais. Au programme ce mois-ci : -&gt; Focus sur la protection des lanceurs d&#8217;alerte par le Statut de la fonction publique europ\u00e9enne -&gt; Jurisprudence :\u00a0 Renforcement substantiel du devoir&#8230;<\/p>\n","protected":false},"author":4,"featured_media":0,"comment_status":"closed","ping_status":"closed","sticky":false,"template":"","format":"standard","meta":{"_acf_changed":false,"footnotes":""},"categories":[44,58],"tags":[],"class_list":["post-4630","post","type-post","status-publish","format-standard","hentry","category-knowhow","category-news"],"acf":[],"yoast_head":"<!-- This site is optimized with the Yoast SEO plugin v27.4 - https:\/\/yoast.com\/product\/yoast-seo-wordpress\/ -->\n<title>the OFFICI@L by DALDEWOLF - Septembre 2021 - #69 - DALDEWOLF<\/title>\n<meta name=\"description\" content=\"Le num\u00e9ro de septembre 2021 de \u00ab\u00a0the OFFICI@L \u00bb notre newsletter juridique d\u00e9di\u00e9e aux fonctionnaires de l\u2019Union europ\u00e9enne est en ligne.\" \/>\n<meta name=\"robots\" content=\"index, follow, max-snippet:-1, max-image-preview:large, max-video-preview:-1\" \/>\n<link rel=\"canonical\" href=\"https:\/\/www.daldewolf.com\/fr\/the-officil-by-daldewolf-septembre-2021-69\/\" \/>\n<meta property=\"og:locale\" content=\"fr_FR\" \/>\n<meta property=\"og:type\" content=\"article\" \/>\n<meta property=\"og:title\" content=\"the OFFICI@L by DALDEWOLF - Septembre 2021 - #69 - DALDEWOLF\" \/>\n<meta property=\"og:description\" content=\"Le num\u00e9ro de septembre 2021 de \u00ab\u00a0the OFFICI@L \u00bb notre newsletter juridique d\u00e9di\u00e9e aux fonctionnaires de l\u2019Union europ\u00e9enne est en ligne.\" \/>\n<meta property=\"og:url\" content=\"https:\/\/www.daldewolf.com\/fr\/the-officil-by-daldewolf-septembre-2021-69\/\" \/>\n<meta property=\"og:site_name\" content=\"DALDEWOLF\" \/>\n<meta property=\"article:published_time\" content=\"2021-10-08T07:28:58+00:00\" \/>\n<meta property=\"og:image\" content=\"https:\/\/www.daldewolf.com\/wp-content\/uploads\/2021\/06\/The-Official-No-68-FR-Cover.jpeg\" \/>\n<meta name=\"author\" content=\"daldewolf-admin\" \/>\n<meta name=\"twitter:card\" content=\"summary_large_image\" \/>\n<meta name=\"twitter:label1\" content=\"\u00c9crit par\" \/>\n\t<meta name=\"twitter:data1\" content=\"daldewolf-admin\" \/>\n\t<meta name=\"twitter:label2\" content=\"Dur\u00e9e de lecture estim\u00e9e\" \/>\n\t<meta name=\"twitter:data2\" content=\"1 minute\" \/>\n<script type=\"application\/ld+json\" class=\"yoast-schema-graph\">{\"@context\":\"https:\\\/\\\/schema.org\",\"@graph\":[{\"@type\":\"Article\",\"@id\":\"https:\\\/\\\/www.daldewolf.com\\\/fr\\\/the-officil-by-daldewolf-septembre-2021-69\\\/#article\",\"isPartOf\":{\"@id\":\"https:\\\/\\\/www.daldewolf.com\\\/fr\\\/the-officil-by-daldewolf-septembre-2021-69\\\/\"},\"author\":{\"name\":\"daldewolf-admin\",\"@id\":\"https:\\\/\\\/www.daldewolf.com\\\/nl\\\/#\\\/schema\\\/person\\\/2b729bb994cea798211b29fbabbbac1e\"},\"headline\":\"the OFFICI@L by DALDEWOLF &#8211; Septembre 2021 &#8211; #69\",\"datePublished\":\"2021-10-08T07:28:58+00:00\",\"mainEntityOfPage\":{\"@id\":\"https:\\\/\\\/www.daldewolf.com\\\/fr\\\/the-officil-by-daldewolf-septembre-2021-69\\\/\"},\"wordCount\":141,\"publisher\":{\"@id\":\"https:\\\/\\\/www.daldewolf.com\\\/nl\\\/#organization\"},\"image\":{\"@id\":\"https:\\\/\\\/www.daldewolf.com\\\/fr\\\/the-officil-by-daldewolf-septembre-2021-69\\\/#primaryimage\"},\"thumbnailUrl\":\"https:\\\/\\\/www.daldewolf.com\\\/wp-content\\\/uploads\\\/2021\\\/06\\\/The-Official-No-68-FR-Cover.jpeg\",\"articleSection\":[\"knowhow\",\"news\"],\"inLanguage\":\"fr-FR\"},{\"@type\":\"WebPage\",\"@id\":\"https:\\\/\\\/www.daldewolf.com\\\/fr\\\/the-officil-by-daldewolf-septembre-2021-69\\\/\",\"url\":\"https:\\\/\\\/www.daldewolf.com\\\/fr\\\/the-officil-by-daldewolf-septembre-2021-69\\\/\",\"name\":\"the OFFICI@L by DALDEWOLF - Septembre 2021 - #69 - DALDEWOLF\",\"isPartOf\":{\"@id\":\"https:\\\/\\\/www.daldewolf.com\\\/nl\\\/#website\"},\"primaryImageOfPage\":{\"@id\":\"https:\\\/\\\/www.daldewolf.com\\\/fr\\\/the-officil-by-daldewolf-septembre-2021-69\\\/#primaryimage\"},\"image\":{\"@id\":\"https:\\\/\\\/www.daldewolf.com\\\/fr\\\/the-officil-by-daldewolf-septembre-2021-69\\\/#primaryimage\"},\"thumbnailUrl\":\"https:\\\/\\\/www.daldewolf.com\\\/wp-content\\\/uploads\\\/2021\\\/06\\\/The-Official-No-68-FR-Cover.jpeg\",\"datePublished\":\"2021-10-08T07:28:58+00:00\",\"description\":\"Le num\u00e9ro de septembre 2021 de \u00ab\u00a0the OFFICI@L \u00bb notre newsletter juridique d\u00e9di\u00e9e aux fonctionnaires de l\u2019Union europ\u00e9enne est en ligne.\",\"breadcrumb\":{\"@id\":\"https:\\\/\\\/www.daldewolf.com\\\/fr\\\/the-officil-by-daldewolf-septembre-2021-69\\\/#breadcrumb\"},\"inLanguage\":\"fr-FR\",\"potentialAction\":[{\"@type\":\"ReadAction\",\"target\":[\"https:\\\/\\\/www.daldewolf.com\\\/fr\\\/the-officil-by-daldewolf-septembre-2021-69\\\/\"]}]},{\"@type\":\"ImageObject\",\"inLanguage\":\"fr-FR\",\"@id\":\"https:\\\/\\\/www.daldewolf.com\\\/fr\\\/the-officil-by-daldewolf-septembre-2021-69\\\/#primaryimage\",\"url\":\"https:\\\/\\\/www.daldewolf.com\\\/wp-content\\\/uploads\\\/2021\\\/06\\\/The-Official-No-68-FR-Cover.jpeg\",\"contentUrl\":\"https:\\\/\\\/www.daldewolf.com\\\/wp-content\\\/uploads\\\/2021\\\/06\\\/The-Official-No-68-FR-Cover.jpeg\"},{\"@type\":\"BreadcrumbList\",\"@id\":\"https:\\\/\\\/www.daldewolf.com\\\/fr\\\/the-officil-by-daldewolf-septembre-2021-69\\\/#breadcrumb\",\"itemListElement\":[{\"@type\":\"ListItem\",\"position\":1,\"name\":\"Home\",\"item\":\"https:\\\/\\\/www.daldewolf.com\\\/fr\\\/\"},{\"@type\":\"ListItem\",\"position\":2,\"name\":\"the OFFICI@L by DALDEWOLF &#8211; Septembre 2021 &#8211; #69\"}]},{\"@type\":\"WebSite\",\"@id\":\"https:\\\/\\\/www.daldewolf.com\\\/nl\\\/#website\",\"url\":\"https:\\\/\\\/www.daldewolf.com\\\/nl\\\/\",\"name\":\"DALDEWOLF\",\"description\":\"Independant Law firm, Since 1958.\",\"publisher\":{\"@id\":\"https:\\\/\\\/www.daldewolf.com\\\/nl\\\/#organization\"},\"potentialAction\":[{\"@type\":\"SearchAction\",\"target\":{\"@type\":\"EntryPoint\",\"urlTemplate\":\"https:\\\/\\\/www.daldewolf.com\\\/nl\\\/?s={search_term_string}\"},\"query-input\":{\"@type\":\"PropertyValueSpecification\",\"valueRequired\":true,\"valueName\":\"search_term_string\"}}],\"inLanguage\":\"fr-FR\"},{\"@type\":\"Organization\",\"@id\":\"https:\\\/\\\/www.daldewolf.com\\\/nl\\\/#organization\",\"name\":\"DALDEWOLF\",\"url\":\"https:\\\/\\\/www.daldewolf.com\\\/nl\\\/\",\"logo\":{\"@type\":\"ImageObject\",\"inLanguage\":\"fr-FR\",\"@id\":\"https:\\\/\\\/www.daldewolf.com\\\/nl\\\/#\\\/schema\\\/logo\\\/image\\\/\",\"url\":\"https:\\\/\\\/www.daldewolf.com\\\/wp-content\\\/uploads\\\/2020\\\/05\\\/Logo-Daldewolf.png\",\"contentUrl\":\"https:\\\/\\\/www.daldewolf.com\\\/wp-content\\\/uploads\\\/2020\\\/05\\\/Logo-Daldewolf.png\",\"width\":320,\"height\":40,\"caption\":\"DALDEWOLF\"},\"image\":{\"@id\":\"https:\\\/\\\/www.daldewolf.com\\\/nl\\\/#\\\/schema\\\/logo\\\/image\\\/\"},\"sameAs\":[\"https:\\\/\\\/www.linkedin.com\\\/company\\\/10193320\"]},{\"@type\":\"Person\",\"@id\":\"https:\\\/\\\/www.daldewolf.com\\\/nl\\\/#\\\/schema\\\/person\\\/2b729bb994cea798211b29fbabbbac1e\",\"name\":\"daldewolf-admin\",\"image\":{\"@type\":\"ImageObject\",\"inLanguage\":\"fr-FR\",\"@id\":\"https:\\\/\\\/secure.gravatar.com\\\/avatar\\\/752e94ee65450d9bac4adf789cbc1dfd0a1cca5f51532f1c021a33c89eb4bbaf?s=96&d=mm&r=g\",\"url\":\"https:\\\/\\\/secure.gravatar.com\\\/avatar\\\/752e94ee65450d9bac4adf789cbc1dfd0a1cca5f51532f1c021a33c89eb4bbaf?s=96&d=mm&r=g\",\"contentUrl\":\"https:\\\/\\\/secure.gravatar.com\\\/avatar\\\/752e94ee65450d9bac4adf789cbc1dfd0a1cca5f51532f1c021a33c89eb4bbaf?s=96&d=mm&r=g\",\"caption\":\"daldewolf-admin\"},\"url\":\"https:\\\/\\\/www.daldewolf.com\\\/fr\\\/author\\\/daldewolf-admin\\\/\"}]}<\/script>\n<!-- \/ Yoast SEO plugin. -->","yoast_head_json":{"title":"the OFFICI@L by DALDEWOLF - Septembre 2021 - #69 - DALDEWOLF","description":"Le num\u00e9ro de septembre 2021 de \u00ab\u00a0the OFFICI@L \u00bb notre newsletter juridique d\u00e9di\u00e9e aux fonctionnaires de l\u2019Union europ\u00e9enne est en ligne.","robots":{"index":"index","follow":"follow","max-snippet":"max-snippet:-1","max-image-preview":"max-image-preview:large","max-video-preview":"max-video-preview:-1"},"canonical":"https:\/\/www.daldewolf.com\/fr\/the-officil-by-daldewolf-septembre-2021-69\/","og_locale":"fr_FR","og_type":"article","og_title":"the OFFICI@L by DALDEWOLF - Septembre 2021 - #69 - DALDEWOLF","og_description":"Le num\u00e9ro de septembre 2021 de \u00ab\u00a0the OFFICI@L \u00bb notre newsletter juridique d\u00e9di\u00e9e aux fonctionnaires de l\u2019Union europ\u00e9enne est en ligne.","og_url":"https:\/\/www.daldewolf.com\/fr\/the-officil-by-daldewolf-septembre-2021-69\/","og_site_name":"DALDEWOLF","article_published_time":"2021-10-08T07:28:58+00:00","og_image":[{"url":"https:\/\/www.daldewolf.com\/wp-content\/uploads\/2021\/06\/The-Official-No-68-FR-Cover.jpeg","type":"","width":"","height":""}],"author":"daldewolf-admin","twitter_card":"summary_large_image","twitter_misc":{"\u00c9crit par":"daldewolf-admin","Dur\u00e9e de lecture estim\u00e9e":"1 minute"},"schema":{"@context":"https:\/\/schema.org","@graph":[{"@type":"Article","@id":"https:\/\/www.daldewolf.com\/fr\/the-officil-by-daldewolf-septembre-2021-69\/#article","isPartOf":{"@id":"https:\/\/www.daldewolf.com\/fr\/the-officil-by-daldewolf-septembre-2021-69\/"},"author":{"name":"daldewolf-admin","@id":"https:\/\/www.daldewolf.com\/nl\/#\/schema\/person\/2b729bb994cea798211b29fbabbbac1e"},"headline":"the OFFICI@L by DALDEWOLF &#8211; Septembre 2021 &#8211; #69","datePublished":"2021-10-08T07:28:58+00:00","mainEntityOfPage":{"@id":"https:\/\/www.daldewolf.com\/fr\/the-officil-by-daldewolf-septembre-2021-69\/"},"wordCount":141,"publisher":{"@id":"https:\/\/www.daldewolf.com\/nl\/#organization"},"image":{"@id":"https:\/\/www.daldewolf.com\/fr\/the-officil-by-daldewolf-septembre-2021-69\/#primaryimage"},"thumbnailUrl":"https:\/\/www.daldewolf.com\/wp-content\/uploads\/2021\/06\/The-Official-No-68-FR-Cover.jpeg","articleSection":["knowhow","news"],"inLanguage":"fr-FR"},{"@type":"WebPage","@id":"https:\/\/www.daldewolf.com\/fr\/the-officil-by-daldewolf-septembre-2021-69\/","url":"https:\/\/www.daldewolf.com\/fr\/the-officil-by-daldewolf-septembre-2021-69\/","name":"the OFFICI@L by DALDEWOLF - Septembre 2021 - #69 - DALDEWOLF","isPartOf":{"@id":"https:\/\/www.daldewolf.com\/nl\/#website"},"primaryImageOfPage":{"@id":"https:\/\/www.daldewolf.com\/fr\/the-officil-by-daldewolf-septembre-2021-69\/#primaryimage"},"image":{"@id":"https:\/\/www.daldewolf.com\/fr\/the-officil-by-daldewolf-septembre-2021-69\/#primaryimage"},"thumbnailUrl":"https:\/\/www.daldewolf.com\/wp-content\/uploads\/2021\/06\/The-Official-No-68-FR-Cover.jpeg","datePublished":"2021-10-08T07:28:58+00:00","description":"Le num\u00e9ro de septembre 2021 de \u00ab\u00a0the OFFICI@L \u00bb notre newsletter juridique d\u00e9di\u00e9e aux fonctionnaires de l\u2019Union europ\u00e9enne est en ligne.","breadcrumb":{"@id":"https:\/\/www.daldewolf.com\/fr\/the-officil-by-daldewolf-septembre-2021-69\/#breadcrumb"},"inLanguage":"fr-FR","potentialAction":[{"@type":"ReadAction","target":["https:\/\/www.daldewolf.com\/fr\/the-officil-by-daldewolf-septembre-2021-69\/"]}]},{"@type":"ImageObject","inLanguage":"fr-FR","@id":"https:\/\/www.daldewolf.com\/fr\/the-officil-by-daldewolf-septembre-2021-69\/#primaryimage","url":"https:\/\/www.daldewolf.com\/wp-content\/uploads\/2021\/06\/The-Official-No-68-FR-Cover.jpeg","contentUrl":"https:\/\/www.daldewolf.com\/wp-content\/uploads\/2021\/06\/The-Official-No-68-FR-Cover.jpeg"},{"@type":"BreadcrumbList","@id":"https:\/\/www.daldewolf.com\/fr\/the-officil-by-daldewolf-septembre-2021-69\/#breadcrumb","itemListElement":[{"@type":"ListItem","position":1,"name":"Home","item":"https:\/\/www.daldewolf.com\/fr\/"},{"@type":"ListItem","position":2,"name":"the OFFICI@L by DALDEWOLF &#8211; Septembre 2021 &#8211; #69"}]},{"@type":"WebSite","@id":"https:\/\/www.daldewolf.com\/nl\/#website","url":"https:\/\/www.daldewolf.com\/nl\/","name":"DALDEWOLF","description":"Independant Law firm, Since 1958.","publisher":{"@id":"https:\/\/www.daldewolf.com\/nl\/#organization"},"potentialAction":[{"@type":"SearchAction","target":{"@type":"EntryPoint","urlTemplate":"https:\/\/www.daldewolf.com\/nl\/?s={search_term_string}"},"query-input":{"@type":"PropertyValueSpecification","valueRequired":true,"valueName":"search_term_string"}}],"inLanguage":"fr-FR"},{"@type":"Organization","@id":"https:\/\/www.daldewolf.com\/nl\/#organization","name":"DALDEWOLF","url":"https:\/\/www.daldewolf.com\/nl\/","logo":{"@type":"ImageObject","inLanguage":"fr-FR","@id":"https:\/\/www.daldewolf.com\/nl\/#\/schema\/logo\/image\/","url":"https:\/\/www.daldewolf.com\/wp-content\/uploads\/2020\/05\/Logo-Daldewolf.png","contentUrl":"https:\/\/www.daldewolf.com\/wp-content\/uploads\/2020\/05\/Logo-Daldewolf.png","width":320,"height":40,"caption":"DALDEWOLF"},"image":{"@id":"https:\/\/www.daldewolf.com\/nl\/#\/schema\/logo\/image\/"},"sameAs":["https:\/\/www.linkedin.com\/company\/10193320"]},{"@type":"Person","@id":"https:\/\/www.daldewolf.com\/nl\/#\/schema\/person\/2b729bb994cea798211b29fbabbbac1e","name":"daldewolf-admin","image":{"@type":"ImageObject","inLanguage":"fr-FR","@id":"https:\/\/secure.gravatar.com\/avatar\/752e94ee65450d9bac4adf789cbc1dfd0a1cca5f51532f1c021a33c89eb4bbaf?s=96&d=mm&r=g","url":"https:\/\/secure.gravatar.com\/avatar\/752e94ee65450d9bac4adf789cbc1dfd0a1cca5f51532f1c021a33c89eb4bbaf?s=96&d=mm&r=g","contentUrl":"https:\/\/secure.gravatar.com\/avatar\/752e94ee65450d9bac4adf789cbc1dfd0a1cca5f51532f1c021a33c89eb4bbaf?s=96&d=mm&r=g","caption":"daldewolf-admin"},"url":"https:\/\/www.daldewolf.com\/fr\/author\/daldewolf-admin\/"}]}},"_links":{"self":[{"href":"https:\/\/www.daldewolf.com\/fr\/wp-json\/wp\/v2\/posts\/4630","targetHints":{"allow":["GET"]}}],"collection":[{"href":"https:\/\/www.daldewolf.com\/fr\/wp-json\/wp\/v2\/posts"}],"about":[{"href":"https:\/\/www.daldewolf.com\/fr\/wp-json\/wp\/v2\/types\/post"}],"author":[{"embeddable":true,"href":"https:\/\/www.daldewolf.com\/fr\/wp-json\/wp\/v2\/users\/4"}],"replies":[{"embeddable":true,"href":"https:\/\/www.daldewolf.com\/fr\/wp-json\/wp\/v2\/comments?post=4630"}],"version-history":[{"count":0,"href":"https:\/\/www.daldewolf.com\/fr\/wp-json\/wp\/v2\/posts\/4630\/revisions"}],"wp:attachment":[{"href":"https:\/\/www.daldewolf.com\/fr\/wp-json\/wp\/v2\/media?parent=4630"}],"wp:term":[{"taxonomy":"category","embeddable":true,"href":"https:\/\/www.daldewolf.com\/fr\/wp-json\/wp\/v2\/categories?post=4630"},{"taxonomy":"post_tag","embeddable":true,"href":"https:\/\/www.daldewolf.com\/fr\/wp-json\/wp\/v2\/tags?post=4630"}],"curies":[{"name":"wp","href":"https:\/\/api.w.org\/{rel}","templated":true}]}}