{"id":4336,"date":"2021-07-06T15:59:25","date_gmt":"2021-07-06T15:59:25","guid":{"rendered":"https:\/\/www.daldewolf.com\/?p=4336"},"modified":"2021-07-06T15:59:25","modified_gmt":"2021-07-06T15:59:25","slug":"une-recension-demmanuel-van-nuffel-dans-le-journal-des-tribunaux","status":"publish","type":"post","link":"https:\/\/www.daldewolf.com\/fr\/une-recension-demmanuel-van-nuffel-dans-le-journal-des-tribunaux\/","title":{"rendered":"Une recension d&#8217;Emmanuel van Nuffel dans le Journal des tribunaux"},"content":{"rendered":"<p>Emmanuel van Nuffel d\u2019Heynsbroeck a r\u00e9cemment publi\u00e9, dans le <em>Journal des tribunaux<\/em> (2021, pp. 327-328), une recension de l\u2019ouvrage collectif dirig\u00e9 par Charles-Henri de la Vall\u00e9e Poussin et Mathilde Vilain XIIII, \u00ab\u00a0Aux fronti\u00e8res des march\u00e9s publics. R\u00e9flexions sur les limites du champ d\u2019application de la r\u00e9glementation relative aux march\u00e9s publics\u00a0\u00bb (Conf\u00e9rence du Jeune Barreau de Bruxelles, Larcier, 2020,\u00a0 368 pages).<\/p>\n<p><img loading=\"lazy\" decoding=\"async\" class=\"alignnone  wp-image-1307\" src=\"https:\/\/www.daldewolf.com\/wp-content\/uploads\/2020\/05\/van-NUFFEL-dHEYNSBROECK-Emmanuel-I-scaled.jpg\" alt=\"\" width=\"210\" height=\"140\" srcset=\"https:\/\/www.daldewolf.com\/wp-content\/uploads\/2020\/05\/van-NUFFEL-dHEYNSBROECK-Emmanuel-I-scaled.jpg 2560w, https:\/\/www.daldewolf.com\/wp-content\/uploads\/2020\/05\/van-NUFFEL-dHEYNSBROECK-Emmanuel-I-300x200.jpg 300w, https:\/\/www.daldewolf.com\/wp-content\/uploads\/2020\/05\/van-NUFFEL-dHEYNSBROECK-Emmanuel-I-1024x683.jpg 1024w, https:\/\/www.daldewolf.com\/wp-content\/uploads\/2020\/05\/van-NUFFEL-dHEYNSBROECK-Emmanuel-I-391x260.jpg 391w\" sizes=\"auto, (max-width: 210px) 100vw, 210px\" \/><\/p>\n","protected":false},"excerpt":{"rendered":"<p>Emmanuel van Nuffel d\u2019Heynsbroeck a r\u00e9cemment publi\u00e9, dans le Journal des tribunaux (2021, pp. 327-328), une recension de l\u2019ouvrage collectif dirig\u00e9 par Charles-Henri de la Vall\u00e9e Poussin et Mathilde Vilain XIIII, \u00ab\u00a0Aux fronti\u00e8res des march\u00e9s publics. R\u00e9flexions sur les limites du champ d\u2019application de la r\u00e9glementation relative aux march\u00e9s publics\u00a0\u00bb (Conf\u00e9rence du Jeune Barreau de&#8230;<\/p>\n","protected":false},"author":4,"featured_media":0,"comment_status":"closed","ping_status":"closed","sticky":false,"template":"","format":"standard","meta":{"_acf_changed":false,"footnotes":""},"categories":[58],"tags":[],"class_list":["post-4336","post","type-post","status-publish","format-standard","hentry","category-news"],"acf":[],"yoast_head":"<!-- This site is optimized with the Yoast SEO plugin v27.4 - https:\/\/yoast.com\/product\/yoast-seo-wordpress\/ -->\n<title>Une recension d&#039;Emmanuel van Nuffel dans le Journal des tribunaux - DALDEWOLF<\/title>\n<meta name=\"robots\" content=\"index, follow, max-snippet:-1, max-image-preview:large, max-video-preview:-1\" \/>\n<link rel=\"canonical\" href=\"https:\/\/www.daldewolf.com\/en\/une-recension-demmanuel-van-nuffel-dans-le-journal-des-tribunaux\/\" \/>\n<meta property=\"og:locale\" content=\"fr_FR\" \/>\n<meta property=\"og:type\" content=\"article\" \/>\n<meta property=\"og:title\" content=\"Une recension d&#039;Emmanuel van Nuffel dans le Journal des tribunaux - DALDEWOLF\" \/>\n<meta property=\"og:description\" content=\"Emmanuel van Nuffel d\u2019Heynsbroeck a r\u00e9cemment publi\u00e9, dans le Journal des tribunaux (2021, pp. 327-328), une recension de l\u2019ouvrage collectif dirig\u00e9 par Charles-Henri de la Vall\u00e9e Poussin et Mathilde Vilain XIIII, \u00ab\u00a0Aux fronti\u00e8res des march\u00e9s publics. R\u00e9flexions sur les limites du champ d\u2019application de la r\u00e9glementation relative aux march\u00e9s publics\u00a0\u00bb (Conf\u00e9rence du Jeune Barreau de...\" \/>\n<meta property=\"og:url\" content=\"https:\/\/www.daldewolf.com\/en\/une-recension-demmanuel-van-nuffel-dans-le-journal-des-tribunaux\/\" \/>\n<meta property=\"og:site_name\" content=\"DALDEWOLF\" \/>\n<meta property=\"article:published_time\" content=\"2021-07-06T15:59:25+00:00\" \/>\n<meta property=\"og:image\" content=\"https:\/\/www.daldewolf.com\/wp-content\/uploads\/2020\/05\/van-NUFFEL-dHEYNSBROECK-Emmanuel-I-scaled.jpg\" \/>\n<meta name=\"author\" content=\"daldewolf-admin\" \/>\n<meta name=\"twitter:card\" content=\"summary_large_image\" \/>\n<meta name=\"twitter:label1\" content=\"\u00c9crit par\" \/>\n\t<meta name=\"twitter:data1\" content=\"daldewolf-admin\" \/>\n\t<meta name=\"twitter:label2\" content=\"Dur\u00e9e de lecture estim\u00e9e\" \/>\n\t<meta name=\"twitter:data2\" content=\"1 minute\" \/>\n<script type=\"application\/ld+json\" class=\"yoast-schema-graph\">{\"@context\":\"https:\\\/\\\/schema.org\",\"@graph\":[{\"@type\":\"Article\",\"@id\":\"https:\\\/\\\/www.daldewolf.com\\\/en\\\/une-recension-demmanuel-van-nuffel-dans-le-journal-des-tribunaux\\\/#article\",\"isPartOf\":{\"@id\":\"https:\\\/\\\/www.daldewolf.com\\\/en\\\/une-recension-demmanuel-van-nuffel-dans-le-journal-des-tribunaux\\\/\"},\"author\":{\"name\":\"daldewolf-admin\",\"@id\":\"https:\\\/\\\/www.daldewolf.com\\\/nl\\\/#\\\/schema\\\/person\\\/2b729bb994cea798211b29fbabbbac1e\"},\"headline\":\"Une recension d&#8217;Emmanuel van Nuffel dans le Journal des tribunaux\",\"datePublished\":\"2021-07-06T15:59:25+00:00\",\"mainEntityOfPage\":{\"@id\":\"https:\\\/\\\/www.daldewolf.com\\\/en\\\/une-recension-demmanuel-van-nuffel-dans-le-journal-des-tribunaux\\\/\"},\"wordCount\":79,\"publisher\":{\"@id\":\"https:\\\/\\\/www.daldewolf.com\\\/nl\\\/#organization\"},\"image\":{\"@id\":\"https:\\\/\\\/www.daldewolf.com\\\/en\\\/une-recension-demmanuel-van-nuffel-dans-le-journal-des-tribunaux\\\/#primaryimage\"},\"thumbnailUrl\":\"https:\\\/\\\/www.daldewolf.com\\\/wp-content\\\/uploads\\\/2020\\\/05\\\/van-NUFFEL-dHEYNSBROECK-Emmanuel-I-scaled.jpg\",\"articleSection\":[\"news\"],\"inLanguage\":\"fr-FR\"},{\"@type\":\"WebPage\",\"@id\":\"https:\\\/\\\/www.daldewolf.com\\\/en\\\/une-recension-demmanuel-van-nuffel-dans-le-journal-des-tribunaux\\\/\",\"url\":\"https:\\\/\\\/www.daldewolf.com\\\/en\\\/une-recension-demmanuel-van-nuffel-dans-le-journal-des-tribunaux\\\/\",\"name\":\"Une recension d'Emmanuel van Nuffel dans le Journal des tribunaux - DALDEWOLF\",\"isPartOf\":{\"@id\":\"https:\\\/\\\/www.daldewolf.com\\\/nl\\\/#website\"},\"primaryImageOfPage\":{\"@id\":\"https:\\\/\\\/www.daldewolf.com\\\/en\\\/une-recension-demmanuel-van-nuffel-dans-le-journal-des-tribunaux\\\/#primaryimage\"},\"image\":{\"@id\":\"https:\\\/\\\/www.daldewolf.com\\\/en\\\/une-recension-demmanuel-van-nuffel-dans-le-journal-des-tribunaux\\\/#primaryimage\"},\"thumbnailUrl\":\"https:\\\/\\\/www.daldewolf.com\\\/wp-content\\\/uploads\\\/2020\\\/05\\\/van-NUFFEL-dHEYNSBROECK-Emmanuel-I-scaled.jpg\",\"datePublished\":\"2021-07-06T15:59:25+00:00\",\"breadcrumb\":{\"@id\":\"https:\\\/\\\/www.daldewolf.com\\\/en\\\/une-recension-demmanuel-van-nuffel-dans-le-journal-des-tribunaux\\\/#breadcrumb\"},\"inLanguage\":\"fr-FR\",\"potentialAction\":[{\"@type\":\"ReadAction\",\"target\":[\"https:\\\/\\\/www.daldewolf.com\\\/en\\\/une-recension-demmanuel-van-nuffel-dans-le-journal-des-tribunaux\\\/\"]}]},{\"@type\":\"ImageObject\",\"inLanguage\":\"fr-FR\",\"@id\":\"https:\\\/\\\/www.daldewolf.com\\\/en\\\/une-recension-demmanuel-van-nuffel-dans-le-journal-des-tribunaux\\\/#primaryimage\",\"url\":\"https:\\\/\\\/www.daldewolf.com\\\/wp-content\\\/uploads\\\/2020\\\/05\\\/van-NUFFEL-dHEYNSBROECK-Emmanuel-I-scaled.jpg\",\"contentUrl\":\"https:\\\/\\\/www.daldewolf.com\\\/wp-content\\\/uploads\\\/2020\\\/05\\\/van-NUFFEL-dHEYNSBROECK-Emmanuel-I-scaled.jpg\"},{\"@type\":\"BreadcrumbList\",\"@id\":\"https:\\\/\\\/www.daldewolf.com\\\/en\\\/une-recension-demmanuel-van-nuffel-dans-le-journal-des-tribunaux\\\/#breadcrumb\",\"itemListElement\":[{\"@type\":\"ListItem\",\"position\":1,\"name\":\"Home\",\"item\":\"https:\\\/\\\/www.daldewolf.com\\\/fr\\\/\"},{\"@type\":\"ListItem\",\"position\":2,\"name\":\"Une recension d&#8217;Emmanuel van Nuffel dans le Journal des tribunaux\"}]},{\"@type\":\"WebSite\",\"@id\":\"https:\\\/\\\/www.daldewolf.com\\\/nl\\\/#website\",\"url\":\"https:\\\/\\\/www.daldewolf.com\\\/nl\\\/\",\"name\":\"DALDEWOLF\",\"description\":\"Independant Law firm, Since 1958.\",\"publisher\":{\"@id\":\"https:\\\/\\\/www.daldewolf.com\\\/nl\\\/#organization\"},\"potentialAction\":[{\"@type\":\"SearchAction\",\"target\":{\"@type\":\"EntryPoint\",\"urlTemplate\":\"https:\\\/\\\/www.daldewolf.com\\\/nl\\\/?s={search_term_string}\"},\"query-input\":{\"@type\":\"PropertyValueSpecification\",\"valueRequired\":true,\"valueName\":\"search_term_string\"}}],\"inLanguage\":\"fr-FR\"},{\"@type\":\"Organization\",\"@id\":\"https:\\\/\\\/www.daldewolf.com\\\/nl\\\/#organization\",\"name\":\"DALDEWOLF\",\"url\":\"https:\\\/\\\/www.daldewolf.com\\\/nl\\\/\",\"logo\":{\"@type\":\"ImageObject\",\"inLanguage\":\"fr-FR\",\"@id\":\"https:\\\/\\\/www.daldewolf.com\\\/nl\\\/#\\\/schema\\\/logo\\\/image\\\/\",\"url\":\"https:\\\/\\\/www.daldewolf.com\\\/wp-content\\\/uploads\\\/2020\\\/05\\\/Logo-Daldewolf.png\",\"contentUrl\":\"https:\\\/\\\/www.daldewolf.com\\\/wp-content\\\/uploads\\\/2020\\\/05\\\/Logo-Daldewolf.png\",\"width\":320,\"height\":40,\"caption\":\"DALDEWOLF\"},\"image\":{\"@id\":\"https:\\\/\\\/www.daldewolf.com\\\/nl\\\/#\\\/schema\\\/logo\\\/image\\\/\"},\"sameAs\":[\"https:\\\/\\\/www.linkedin.com\\\/company\\\/10193320\"]},{\"@type\":\"Person\",\"@id\":\"https:\\\/\\\/www.daldewolf.com\\\/nl\\\/#\\\/schema\\\/person\\\/2b729bb994cea798211b29fbabbbac1e\",\"name\":\"daldewolf-admin\",\"image\":{\"@type\":\"ImageObject\",\"inLanguage\":\"fr-FR\",\"@id\":\"https:\\\/\\\/secure.gravatar.com\\\/avatar\\\/752e94ee65450d9bac4adf789cbc1dfd0a1cca5f51532f1c021a33c89eb4bbaf?s=96&d=mm&r=g\",\"url\":\"https:\\\/\\\/secure.gravatar.com\\\/avatar\\\/752e94ee65450d9bac4adf789cbc1dfd0a1cca5f51532f1c021a33c89eb4bbaf?s=96&d=mm&r=g\",\"contentUrl\":\"https:\\\/\\\/secure.gravatar.com\\\/avatar\\\/752e94ee65450d9bac4adf789cbc1dfd0a1cca5f51532f1c021a33c89eb4bbaf?s=96&d=mm&r=g\",\"caption\":\"daldewolf-admin\"},\"url\":\"https:\\\/\\\/www.daldewolf.com\\\/fr\\\/author\\\/daldewolf-admin\\\/\"}]}<\/script>\n<!-- \/ Yoast SEO plugin. -->","yoast_head_json":{"title":"Une recension d'Emmanuel van Nuffel dans le Journal des tribunaux - DALDEWOLF","robots":{"index":"index","follow":"follow","max-snippet":"max-snippet:-1","max-image-preview":"max-image-preview:large","max-video-preview":"max-video-preview:-1"},"canonical":"https:\/\/www.daldewolf.com\/en\/une-recension-demmanuel-van-nuffel-dans-le-journal-des-tribunaux\/","og_locale":"fr_FR","og_type":"article","og_title":"Une recension d'Emmanuel van Nuffel dans le Journal des tribunaux - DALDEWOLF","og_description":"Emmanuel van Nuffel d\u2019Heynsbroeck a r\u00e9cemment publi\u00e9, dans le Journal des tribunaux (2021, pp. 327-328), une recension de l\u2019ouvrage collectif dirig\u00e9 par Charles-Henri de la Vall\u00e9e Poussin et Mathilde Vilain XIIII, \u00ab\u00a0Aux fronti\u00e8res des march\u00e9s publics. R\u00e9flexions sur les limites du champ d\u2019application de la r\u00e9glementation relative aux march\u00e9s publics\u00a0\u00bb (Conf\u00e9rence du Jeune Barreau de...","og_url":"https:\/\/www.daldewolf.com\/en\/une-recension-demmanuel-van-nuffel-dans-le-journal-des-tribunaux\/","og_site_name":"DALDEWOLF","article_published_time":"2021-07-06T15:59:25+00:00","og_image":[{"url":"https:\/\/www.daldewolf.com\/wp-content\/uploads\/2020\/05\/van-NUFFEL-dHEYNSBROECK-Emmanuel-I-scaled.jpg","type":"","width":"","height":""}],"author":"daldewolf-admin","twitter_card":"summary_large_image","twitter_misc":{"\u00c9crit par":"daldewolf-admin","Dur\u00e9e de lecture estim\u00e9e":"1 minute"},"schema":{"@context":"https:\/\/schema.org","@graph":[{"@type":"Article","@id":"https:\/\/www.daldewolf.com\/en\/une-recension-demmanuel-van-nuffel-dans-le-journal-des-tribunaux\/#article","isPartOf":{"@id":"https:\/\/www.daldewolf.com\/en\/une-recension-demmanuel-van-nuffel-dans-le-journal-des-tribunaux\/"},"author":{"name":"daldewolf-admin","@id":"https:\/\/www.daldewolf.com\/nl\/#\/schema\/person\/2b729bb994cea798211b29fbabbbac1e"},"headline":"Une recension d&#8217;Emmanuel van Nuffel dans le Journal des tribunaux","datePublished":"2021-07-06T15:59:25+00:00","mainEntityOfPage":{"@id":"https:\/\/www.daldewolf.com\/en\/une-recension-demmanuel-van-nuffel-dans-le-journal-des-tribunaux\/"},"wordCount":79,"publisher":{"@id":"https:\/\/www.daldewolf.com\/nl\/#organization"},"image":{"@id":"https:\/\/www.daldewolf.com\/en\/une-recension-demmanuel-van-nuffel-dans-le-journal-des-tribunaux\/#primaryimage"},"thumbnailUrl":"https:\/\/www.daldewolf.com\/wp-content\/uploads\/2020\/05\/van-NUFFEL-dHEYNSBROECK-Emmanuel-I-scaled.jpg","articleSection":["news"],"inLanguage":"fr-FR"},{"@type":"WebPage","@id":"https:\/\/www.daldewolf.com\/en\/une-recension-demmanuel-van-nuffel-dans-le-journal-des-tribunaux\/","url":"https:\/\/www.daldewolf.com\/en\/une-recension-demmanuel-van-nuffel-dans-le-journal-des-tribunaux\/","name":"Une recension d'Emmanuel van Nuffel dans le Journal des tribunaux - DALDEWOLF","isPartOf":{"@id":"https:\/\/www.daldewolf.com\/nl\/#website"},"primaryImageOfPage":{"@id":"https:\/\/www.daldewolf.com\/en\/une-recension-demmanuel-van-nuffel-dans-le-journal-des-tribunaux\/#primaryimage"},"image":{"@id":"https:\/\/www.daldewolf.com\/en\/une-recension-demmanuel-van-nuffel-dans-le-journal-des-tribunaux\/#primaryimage"},"thumbnailUrl":"https:\/\/www.daldewolf.com\/wp-content\/uploads\/2020\/05\/van-NUFFEL-dHEYNSBROECK-Emmanuel-I-scaled.jpg","datePublished":"2021-07-06T15:59:25+00:00","breadcrumb":{"@id":"https:\/\/www.daldewolf.com\/en\/une-recension-demmanuel-van-nuffel-dans-le-journal-des-tribunaux\/#breadcrumb"},"inLanguage":"fr-FR","potentialAction":[{"@type":"ReadAction","target":["https:\/\/www.daldewolf.com\/en\/une-recension-demmanuel-van-nuffel-dans-le-journal-des-tribunaux\/"]}]},{"@type":"ImageObject","inLanguage":"fr-FR","@id":"https:\/\/www.daldewolf.com\/en\/une-recension-demmanuel-van-nuffel-dans-le-journal-des-tribunaux\/#primaryimage","url":"https:\/\/www.daldewolf.com\/wp-content\/uploads\/2020\/05\/van-NUFFEL-dHEYNSBROECK-Emmanuel-I-scaled.jpg","contentUrl":"https:\/\/www.daldewolf.com\/wp-content\/uploads\/2020\/05\/van-NUFFEL-dHEYNSBROECK-Emmanuel-I-scaled.jpg"},{"@type":"BreadcrumbList","@id":"https:\/\/www.daldewolf.com\/en\/une-recension-demmanuel-van-nuffel-dans-le-journal-des-tribunaux\/#breadcrumb","itemListElement":[{"@type":"ListItem","position":1,"name":"Home","item":"https:\/\/www.daldewolf.com\/fr\/"},{"@type":"ListItem","position":2,"name":"Une recension d&#8217;Emmanuel van Nuffel dans le Journal des tribunaux"}]},{"@type":"WebSite","@id":"https:\/\/www.daldewolf.com\/nl\/#website","url":"https:\/\/www.daldewolf.com\/nl\/","name":"DALDEWOLF","description":"Independant Law firm, Since 1958.","publisher":{"@id":"https:\/\/www.daldewolf.com\/nl\/#organization"},"potentialAction":[{"@type":"SearchAction","target":{"@type":"EntryPoint","urlTemplate":"https:\/\/www.daldewolf.com\/nl\/?s={search_term_string}"},"query-input":{"@type":"PropertyValueSpecification","valueRequired":true,"valueName":"search_term_string"}}],"inLanguage":"fr-FR"},{"@type":"Organization","@id":"https:\/\/www.daldewolf.com\/nl\/#organization","name":"DALDEWOLF","url":"https:\/\/www.daldewolf.com\/nl\/","logo":{"@type":"ImageObject","inLanguage":"fr-FR","@id":"https:\/\/www.daldewolf.com\/nl\/#\/schema\/logo\/image\/","url":"https:\/\/www.daldewolf.com\/wp-content\/uploads\/2020\/05\/Logo-Daldewolf.png","contentUrl":"https:\/\/www.daldewolf.com\/wp-content\/uploads\/2020\/05\/Logo-Daldewolf.png","width":320,"height":40,"caption":"DALDEWOLF"},"image":{"@id":"https:\/\/www.daldewolf.com\/nl\/#\/schema\/logo\/image\/"},"sameAs":["https:\/\/www.linkedin.com\/company\/10193320"]},{"@type":"Person","@id":"https:\/\/www.daldewolf.com\/nl\/#\/schema\/person\/2b729bb994cea798211b29fbabbbac1e","name":"daldewolf-admin","image":{"@type":"ImageObject","inLanguage":"fr-FR","@id":"https:\/\/secure.gravatar.com\/avatar\/752e94ee65450d9bac4adf789cbc1dfd0a1cca5f51532f1c021a33c89eb4bbaf?s=96&d=mm&r=g","url":"https:\/\/secure.gravatar.com\/avatar\/752e94ee65450d9bac4adf789cbc1dfd0a1cca5f51532f1c021a33c89eb4bbaf?s=96&d=mm&r=g","contentUrl":"https:\/\/secure.gravatar.com\/avatar\/752e94ee65450d9bac4adf789cbc1dfd0a1cca5f51532f1c021a33c89eb4bbaf?s=96&d=mm&r=g","caption":"daldewolf-admin"},"url":"https:\/\/www.daldewolf.com\/fr\/author\/daldewolf-admin\/"}]}},"_links":{"self":[{"href":"https:\/\/www.daldewolf.com\/fr\/wp-json\/wp\/v2\/posts\/4336","targetHints":{"allow":["GET"]}}],"collection":[{"href":"https:\/\/www.daldewolf.com\/fr\/wp-json\/wp\/v2\/posts"}],"about":[{"href":"https:\/\/www.daldewolf.com\/fr\/wp-json\/wp\/v2\/types\/post"}],"author":[{"embeddable":true,"href":"https:\/\/www.daldewolf.com\/fr\/wp-json\/wp\/v2\/users\/4"}],"replies":[{"embeddable":true,"href":"https:\/\/www.daldewolf.com\/fr\/wp-json\/wp\/v2\/comments?post=4336"}],"version-history":[{"count":0,"href":"https:\/\/www.daldewolf.com\/fr\/wp-json\/wp\/v2\/posts\/4336\/revisions"}],"wp:attachment":[{"href":"https:\/\/www.daldewolf.com\/fr\/wp-json\/wp\/v2\/media?parent=4336"}],"wp:term":[{"taxonomy":"category","embeddable":true,"href":"https:\/\/www.daldewolf.com\/fr\/wp-json\/wp\/v2\/categories?post=4336"},{"taxonomy":"post_tag","embeddable":true,"href":"https:\/\/www.daldewolf.com\/fr\/wp-json\/wp\/v2\/tags?post=4336"}],"curies":[{"name":"wp","href":"https:\/\/api.w.org\/{rel}","templated":true}]}}