{"id":19653,"date":"2026-09-03T16:02:13","date_gmt":"2026-09-03T14:02:13","guid":{"rendered":"https:\/\/www.daldewolf.com\/?p=19653"},"modified":"2026-09-03T16:11:32","modified_gmt":"2026-09-03T14:11:32","slug":"letat-de-la-transposition-de-la-directive-ue-2024-1226-en-belgique-et-en-france-un-nouveau-cadre-penal-pour-les-violations-des-sanctions-de-lunion-europeenne","status":"publish","type":"post","link":"https:\/\/www.daldewolf.com\/fr\/letat-de-la-transposition-de-la-directive-ue-2024-1226-en-belgique-et-en-france-un-nouveau-cadre-penal-pour-les-violations-des-sanctions-de-lunion-europeenne\/","title":{"rendered":"L\u2019\u00e9tat de la transposition de la directive (UE) 2024\/1226 en Belgique et en France : un nouveau cadre p\u00e9nal pour les violations des sanctions de l\u2019Union europ\u00e9enne"},"content":{"rendered":"<p><strong>L\u2019adoption de la directive (UE) 2024\/1226 du 24 avril 2024 constitue une \u00e9tape majeure dans le renforcement du r\u00e9gime europ\u00e9en des sanctions. Cette directive vise \u00e0 harmoniser, au sein des \u00c9tats membres, la d\u00e9finition des infractions p\u00e9nales et des sanctions applicables en cas de violation des mesures restrictives de l\u2019Union europ\u00e9enne, commun\u00e9ment appel\u00e9es \u00ab sanctions europ\u00e9ennes \u00bb. Elle a \u00e9t\u00e9 adopt\u00e9e dans le contexte du renforcement des sanctions contre la Russie, mais son champ d\u2019application couvre l\u2019ensemble des mesures restrictives de l\u2019Union.<\/strong><\/p>\n<p style=\"text-align: right;\">par <a href=\"https:\/\/www.daldewolf.com\/fr\/equipe\/thierry-bontinck\/\">Thierry BONTINCK<\/a> et <a href=\"https:\/\/www.daldewolf.com\/fr\/equipe\/telma-bonnenfant\/\">Telma BONNENFANT<\/a><\/p>\n<h2><strong><img loading=\"lazy\" decoding=\"async\" class=\"alignright wp-image-19654 size-thumbnail\" src=\"https:\/\/www.daldewolf.com\/wp-content\/uploads\/2026\/09\/TBO-TEB-150x150.png\" alt=\"\" width=\"150\" height=\"150\" srcset=\"https:\/\/www.daldewolf.com\/wp-content\/uploads\/2026\/09\/TBO-TEB-150x150.png 150w, https:\/\/www.daldewolf.com\/wp-content\/uploads\/2026\/09\/TBO-TEB-300x300.png 300w, https:\/\/www.daldewolf.com\/wp-content\/uploads\/2026\/09\/TBO-TEB-1024x1024.png 1024w, https:\/\/www.daldewolf.com\/wp-content\/uploads\/2026\/09\/TBO-TEB-600x600.png 600w\" sizes=\"auto, (max-width: 150px) 100vw, 150px\" \/><\/strong>Ce que pr\u00e9voit la directive 2024\/1226<\/h2>\n<p>La directive impose aux \u00c9tats membres d\u2019\u00e9riger en infractions p\u00e9nales un ensemble de comportements portant atteinte \u00e0 l\u2019effectivit\u00e9 des sanctions europ\u00e9ennes. Parmi ces comportements figurent notamment la mise \u00e0 disposition directe ou indirecte de fonds ou de ressources \u00e9conomiques \u00e0 une personne ou entit\u00e9 sanctionn\u00e9e ; le d\u00e9faut de gel des avoirs lorsqu\u2019une telle obligation existe ; l\u2019ex\u00e9cution de transactions ou d\u2019activit\u00e9s interdites par les r\u00e8glements de sanctions ; l\u2019importation, l\u2019exportation, la vente ou le transport de biens soumis \u00e0 des restrictions ; la fourniture de services prohib\u00e9s ; les comportements de contournement destin\u00e9s \u00e0 neutraliser les effets des sanctions et la dissimulation d\u2019actifs gel\u00e9s et enfin la communication d\u2019informations fausses concernant leur propri\u00e9t\u00e9 effective.<\/p>\n<p>La directive exige \u00e9galement que les personnes morales puissent voir leur responsabilit\u00e9 engag\u00e9e lorsque les infractions sont commises pour leur compte par des dirigeants ou r\u00e9sultent d\u2019un d\u00e9faut de surveillance interne. Elle impose en outre des sanctions effectives, proportionn\u00e9es et dissuasives, pouvant inclure des amendes tr\u00e8s \u00e9lev\u00e9es, l\u2019exclusion des march\u00e9s publics ou encore la dissolution judiciaire des personnes morales dans les cas les plus graves.<\/p>\n<p>Le d\u00e9lai de transposition \u00e9tait fix\u00e9 au 20 mai 2025.<\/p>\n<h2>La transposition en Belgique<\/h2>\n<p>La Belgique a adopt\u00e9 la loi du 15 juillet 2026 portant transposition de la Directive 2024\/1226, publi\u00e9e au Moniteur belge le 28 juillet 2026 et entr\u00e9e principalement en vigueur le 1er septembre 2026.<\/p>\n<p>Cette r\u00e9forme modifie plusieurs textes existants, notamment la loi du 13 mai 2003 relative \u00e0 la mise en \u0153uvre des mesures restrictives de l\u2019Union europ\u00e9enne et l\u2019arr\u00eat\u00e9-loi du 6 octobre 1944 relatif au contr\u00f4le des transferts de biens et de valeurs, comme le pr\u00e9cise la loi du 15 juillet 2026.<\/p>\n<p>Il est toutefois important de noter que la Belgique n\u2019a pas retenu le seuil facultatif de 10 000 euros pr\u00e9vu par la directive et qu\u2019elle a opt\u00e9 pour une peine d\u2019emprisonnement maximale uniforme pouvant atteindre cinq ans pour les principales infractions en mati\u00e8re de sanctions. Elle a \u00e9galement mis en place un syst\u00e8me dans lequel les sanctions applicables aux personnes morales sont particuli\u00e8rement \u00e9lev\u00e9es.<\/p>\n<p>De plus, la Belgique a choisi un syst\u00e8me articulant sanctions administratives et sanctions p\u00e9nales.<\/p>\n<p>Pour la premi\u00e8re cat\u00e9gorie, les amendes seront comprises entre 10 000 et 25 000 000 d\u2019euros pour les personnes morales et entre 250 et 5 000 000 d\u2019euros pour les personnes physiques, en fonction notamment de la dur\u00e9e ou de la gravit\u00e9 des contournements ou des infractions, de la capacit\u00e9 financi\u00e8re de l\u2019auteur, des avantages en tir\u00e9s, du pr\u00e9judice subi par des tiers ou du degr\u00e9 de coop\u00e9ration avec les autorit\u00e9s. Pour la seconde cat\u00e9gorie, en revanche, les peines encourues seront une peine d\u2019emprisonnement de 3 \u00e0 5 ans, ou une mesure privative de libert\u00e9 de 2 \u00e0 4 ans pour les personnes physiques ; une amende comprise entre 15 000 et 150 000 000 d\u2019euros pour les personnes morales, en fonction de la nature et de la gravit\u00e9 de l\u2019infraction ainsi que de la situation personnelle et financi\u00e8re de la personne morale concern\u00e9e ou encore la confiscation des biens utilis\u00e9s ou destin\u00e9s \u00e0 \u00eatre utilis\u00e9s pour commettre des infractions, m\u00eame lorsque ces biens n\u2019appartiennent pas \u00e0 la personne condamn\u00e9e.<\/p>\n<h2>La situation en France<\/h2>\n<p>La situation fran\u00e7aise est moins claire. En effet, les r\u00e8gles en vigueur ne sont pas \u00e0 la hauteur du niveau de d\u00e9tail r\u00e9clam\u00e9 par la Directive 2024\/1226 et l\u2019incrimination de comportements sp\u00e9cifiques ne sont pas tous explicitement couverts par le droit fran\u00e7ais en vigueur.<\/p>\n<p>Un premier pas avait \u00e9t\u00e9 effectu\u00e9 en 2025 avec le d\u00e9cret n\u00b0 2025-470 du 28 mai 2025 qui a transpos\u00e9 l\u2019article 15 de la Directive 2024\/1226 en d\u00e9signant le Conseil d\u2019orientation de la lutte contre le blanchiment de capitaux et le financement du terrorisme (COLB) comme organisme de coordination entre autorit\u00e9s charg\u00e9es des sanctions et autorit\u00e9s r\u00e9pressives.<\/p>\n<p>Toutefois, en l\u2019absence de loi nationale de transposition communiqu\u00e9e \u00e0 la Commission \u00e0 la suite d\u2019une mise en demeure selon les r\u00e8gles \u00e9dict\u00e9es par l\u2019article 258 TFUE, la Commission a \u00e9mis, le 4 juin 2026, un avis motiv\u00e9 (INFR(2025)0221), enjoignant la France \u00e0 proc\u00e9der \u00e0 la transposition de ladite directive.<\/p>\n<p>Une proposition de loi n\u00b0 2544 a \u00e9t\u00e9 d\u00e9pos\u00e9e \u00e0 l\u2019Assembl\u00e9e nationale le 3 mars 2026 par le d\u00e9put\u00e9 Vincent Caure. Toutefois, elle a \u00e9t\u00e9 renvoy\u00e9e \u00e0 la commission des lois et aucune \u00e9volution n\u2019a eu lieu depuis.\u00a0 En l\u2019absence de r\u00e9ponse dans un d\u00e9lai raisonnable, la Commission pourra saisir la Cour de justice de l\u2019Union europ\u00e9enne d\u2019un recours en manquement.<\/p>\n<h2>Les avocats sont-ils concern\u00e9s ?<\/h2>\n<p>Le consid\u00e9rant 18 de la Directive vise express\u00e9ment les \u00ab praticiens du droit \u00bb et pr\u00e9cise qu\u2019ils doivent \u00eatre soumis \u00e0 la directive, notamment aux obligations de signalement applicables, lorsqu\u2019ils fournissent des services juridiques, financiers ou commerciaux dans le cadre de leurs activit\u00e9s professionnelles.<\/p>\n<p>La directive mentionne \u00e9galement, au sein de son consid\u00e9rant 12, les services de conseil juridique parmi les services non financiers susceptibles de faire l\u2019objet de mesures restrictives sectorielles. La fourniture d\u2019un service juridique interdit par un r\u00e8glement de sanctions peut donc constituer une infraction.<\/p>\n<p>Toutefois et c\u2019est heureux, l\u2019article 3, paragraphe 4, pr\u00e9voit qu\u2019aucune disposition ne peut \u00eatre interpr\u00e9t\u00e9e comme imposant aux praticiens du droit de d\u00e9clarer les informations obtenues lors de l\u2019\u00e9valuation de la situation juridique d\u2019un client ; dans le cadre de la d\u00e9fense ou de la repr\u00e9sentation du client dans une proc\u00e9dure judiciaire ou encore dans le cadre de conseils relatifs \u00e0 l\u2019engagement ou \u00e0 l\u2019\u00e9vitement d\u2019une telle proc\u00e9dure.<\/p>\n<p>Le consid\u00e9rant 18 pr\u00e9cise cependant que la protection ne joue pas lorsque le praticien participe intentionnellement \u00e0 la violation, lorsque le conseil est fourni aux fins de violer les sanctions, ou lorsque le praticien sait que le client sollicite le conseil dans ce but.<\/p>\n","protected":false},"excerpt":{"rendered":"<p>L\u2019adoption de la directive (UE) 2024\/1226 du 24 avril 2024 constitue une \u00e9tape majeure dans le renforcement du r\u00e9gime europ\u00e9en des sanctions. Cette directive vise \u00e0 harmoniser, au sein des \u00c9tats membres, la d\u00e9finition des infractions p\u00e9nales et des sanctions applicables en cas de violation des mesures restrictives de l\u2019Union europ\u00e9enne, commun\u00e9ment appel\u00e9es \u00ab sanctions&#8230;<\/p>\n","protected":false},"author":5,"featured_media":0,"comment_status":"closed","ping_status":"closed","sticky":false,"template":"","format":"standard","meta":{"_acf_changed":false,"footnotes":""},"categories":[44,58],"tags":[],"class_list":["post-19653","post","type-post","status-publish","format-standard","hentry","category-knowhow","category-news"],"acf":[],"yoast_head":"<!-- This site is optimized with the Yoast SEO plugin v28.3 - https:\/\/yoast.com\/product\/yoast-seo-wordpress\/ -->\n<title>L\u2019\u00e9tat de la transposition de la directive (UE) 2024\/1226 en Belgique et en France : un nouveau cadre p\u00e9nal pour les violations des sanctions de l\u2019Union europ\u00e9enne - DALDEWOLF<\/title>\n<meta name=\"description\" content=\"La directive (UE) 2024\/1226 du 24 avril 2024 renforce le r\u00e9gime europ\u00e9en des sanctions. Elle harmonise la d\u00e9finition des infractions et des sanctions applicables en cas de violation des mesures restrictives de l\u2019UE.\" \/>\n<meta name=\"robots\" content=\"index, follow, max-snippet:-1, max-image-preview:large, max-video-preview:-1\" \/>\n<link rel=\"canonical\" href=\"https:\/\/www.daldewolf.com\/fr\/letat-de-la-transposition-de-la-directive-ue-2024-1226-en-belgique-et-en-france-un-nouveau-cadre-penal-pour-les-violations-des-sanctions-de-lunion-europeenne\/\" \/>\n<meta property=\"og:locale\" content=\"fr_FR\" \/>\n<meta property=\"og:type\" content=\"article\" \/>\n<meta property=\"og:title\" content=\"L\u2019\u00e9tat de la transposition de la directive (UE) 2024\/1226 en Belgique et en France : un nouveau cadre p\u00e9nal pour les violations des sanctions de l\u2019Union europ\u00e9enne - DALDEWOLF\" \/>\n<meta property=\"og:description\" content=\"La directive (UE) 2024\/1226 du 24 avril 2024 renforce le r\u00e9gime europ\u00e9en des sanctions. Elle harmonise la d\u00e9finition des infractions et des sanctions applicables en cas de violation des mesures restrictives de l\u2019UE.\" \/>\n<meta property=\"og:url\" content=\"https:\/\/www.daldewolf.com\/fr\/letat-de-la-transposition-de-la-directive-ue-2024-1226-en-belgique-et-en-france-un-nouveau-cadre-penal-pour-les-violations-des-sanctions-de-lunion-europeenne\/\" \/>\n<meta property=\"og:site_name\" content=\"DALDEWOLF\" \/>\n<meta property=\"article:published_time\" content=\"2026-09-03T14:02:13+00:00\" \/>\n<meta property=\"article:modified_time\" content=\"2026-09-03T14:11:32+00:00\" \/>\n<meta property=\"og:image\" content=\"https:\/\/www.daldewolf.com\/wp-content\/uploads\/2026\/09\/TBO-TEB-1024x1024.png\" \/>\n\t<meta property=\"og:image:width\" content=\"1024\" \/>\n\t<meta property=\"og:image:height\" content=\"1024\" \/>\n\t<meta property=\"og:image:type\" content=\"image\/png\" \/>\n<meta name=\"author\" content=\"Daldewolf-MathieuMaes\" \/>\n<meta name=\"twitter:card\" content=\"summary_large_image\" \/>\n<meta name=\"twitter:label1\" content=\"\u00c9crit par\" \/>\n\t<meta name=\"twitter:data1\" content=\"Daldewolf-MathieuMaes\" \/>\n\t<meta name=\"twitter:label2\" content=\"Dur\u00e9e de lecture estim\u00e9e\" \/>\n\t<meta name=\"twitter:data2\" content=\"5 minutes\" \/>\n<script type=\"application\/ld+json\" class=\"yoast-schema-graph\">{\"@context\":\"https:\\\/\\\/schema.org\",\"@graph\":[{\"@type\":\"Article\",\"@id\":\"https:\\\/\\\/www.daldewolf.com\\\/fr\\\/letat-de-la-transposition-de-la-directive-ue-2024-1226-en-belgique-et-en-france-un-nouveau-cadre-penal-pour-les-violations-des-sanctions-de-lunion-europeenne\\\/#article\",\"isPartOf\":{\"@id\":\"https:\\\/\\\/www.daldewolf.com\\\/fr\\\/letat-de-la-transposition-de-la-directive-ue-2024-1226-en-belgique-et-en-france-un-nouveau-cadre-penal-pour-les-violations-des-sanctions-de-lunion-europeenne\\\/\"},\"author\":{\"name\":\"Daldewolf-MathieuMaes\",\"@id\":\"https:\\\/\\\/www.daldewolf.com\\\/nl\\\/#\\\/schema\\\/person\\\/e3f911046ea6ce16d864e88be3452d83\"},\"headline\":\"L\u2019\u00e9tat de la transposition de la directive (UE) 2024\\\/1226 en Belgique et en France : un nouveau cadre p\u00e9nal pour les violations des sanctions de l\u2019Union europ\u00e9enne\",\"datePublished\":\"2026-09-03T14:02:13+00:00\",\"dateModified\":\"2026-09-03T14:11:32+00:00\",\"mainEntityOfPage\":{\"@id\":\"https:\\\/\\\/www.daldewolf.com\\\/fr\\\/letat-de-la-transposition-de-la-directive-ue-2024-1226-en-belgique-et-en-france-un-nouveau-cadre-penal-pour-les-violations-des-sanctions-de-lunion-europeenne\\\/\"},\"wordCount\":1132,\"publisher\":{\"@id\":\"https:\\\/\\\/www.daldewolf.com\\\/nl\\\/#organization\"},\"image\":{\"@id\":\"https:\\\/\\\/www.daldewolf.com\\\/fr\\\/letat-de-la-transposition-de-la-directive-ue-2024-1226-en-belgique-et-en-france-un-nouveau-cadre-penal-pour-les-violations-des-sanctions-de-lunion-europeenne\\\/#primaryimage\"},\"thumbnailUrl\":\"https:\\\/\\\/www.daldewolf.com\\\/wp-content\\\/uploads\\\/2026\\\/09\\\/TBO-TEB-150x150.png\",\"articleSection\":[\"knowhow\",\"news\"],\"inLanguage\":\"fr-FR\"},{\"@type\":\"WebPage\",\"@id\":\"https:\\\/\\\/www.daldewolf.com\\\/fr\\\/letat-de-la-transposition-de-la-directive-ue-2024-1226-en-belgique-et-en-france-un-nouveau-cadre-penal-pour-les-violations-des-sanctions-de-lunion-europeenne\\\/\",\"url\":\"https:\\\/\\\/www.daldewolf.com\\\/fr\\\/letat-de-la-transposition-de-la-directive-ue-2024-1226-en-belgique-et-en-france-un-nouveau-cadre-penal-pour-les-violations-des-sanctions-de-lunion-europeenne\\\/\",\"name\":\"L\u2019\u00e9tat de la transposition de la directive (UE) 2024\\\/1226 en Belgique et en France : un nouveau cadre p\u00e9nal pour les violations des sanctions de l\u2019Union europ\u00e9enne - DALDEWOLF\",\"isPartOf\":{\"@id\":\"https:\\\/\\\/www.daldewolf.com\\\/nl\\\/#website\"},\"primaryImageOfPage\":{\"@id\":\"https:\\\/\\\/www.daldewolf.com\\\/fr\\\/letat-de-la-transposition-de-la-directive-ue-2024-1226-en-belgique-et-en-france-un-nouveau-cadre-penal-pour-les-violations-des-sanctions-de-lunion-europeenne\\\/#primaryimage\"},\"image\":{\"@id\":\"https:\\\/\\\/www.daldewolf.com\\\/fr\\\/letat-de-la-transposition-de-la-directive-ue-2024-1226-en-belgique-et-en-france-un-nouveau-cadre-penal-pour-les-violations-des-sanctions-de-lunion-europeenne\\\/#primaryimage\"},\"thumbnailUrl\":\"https:\\\/\\\/www.daldewolf.com\\\/wp-content\\\/uploads\\\/2026\\\/09\\\/TBO-TEB-150x150.png\",\"datePublished\":\"2026-09-03T14:02:13+00:00\",\"dateModified\":\"2026-09-03T14:11:32+00:00\",\"description\":\"La directive (UE) 2024\\\/1226 du 24 avril 2024 renforce le r\u00e9gime europ\u00e9en des sanctions. Elle harmonise la d\u00e9finition des infractions et des sanctions applicables en cas de violation des mesures restrictives de l\u2019UE.\",\"breadcrumb\":{\"@id\":\"https:\\\/\\\/www.daldewolf.com\\\/fr\\\/letat-de-la-transposition-de-la-directive-ue-2024-1226-en-belgique-et-en-france-un-nouveau-cadre-penal-pour-les-violations-des-sanctions-de-lunion-europeenne\\\/#breadcrumb\"},\"inLanguage\":\"fr-FR\",\"potentialAction\":[{\"@type\":\"ReadAction\",\"target\":[\"https:\\\/\\\/www.daldewolf.com\\\/fr\\\/letat-de-la-transposition-de-la-directive-ue-2024-1226-en-belgique-et-en-france-un-nouveau-cadre-penal-pour-les-violations-des-sanctions-de-lunion-europeenne\\\/\"]}]},{\"@type\":\"ImageObject\",\"inLanguage\":\"fr-FR\",\"@id\":\"https:\\\/\\\/www.daldewolf.com\\\/fr\\\/letat-de-la-transposition-de-la-directive-ue-2024-1226-en-belgique-et-en-france-un-nouveau-cadre-penal-pour-les-violations-des-sanctions-de-lunion-europeenne\\\/#primaryimage\",\"url\":\"https:\\\/\\\/www.daldewolf.com\\\/wp-content\\\/uploads\\\/2026\\\/09\\\/TBO-TEB-150x150.png\",\"contentUrl\":\"https:\\\/\\\/www.daldewolf.com\\\/wp-content\\\/uploads\\\/2026\\\/09\\\/TBO-TEB-150x150.png\"},{\"@type\":\"BreadcrumbList\",\"@id\":\"https:\\\/\\\/www.daldewolf.com\\\/fr\\\/letat-de-la-transposition-de-la-directive-ue-2024-1226-en-belgique-et-en-france-un-nouveau-cadre-penal-pour-les-violations-des-sanctions-de-lunion-europeenne\\\/#breadcrumb\",\"itemListElement\":[{\"@type\":\"ListItem\",\"position\":1,\"name\":\"Home\",\"item\":\"https:\\\/\\\/www.daldewolf.com\\\/fr\\\/\"},{\"@type\":\"ListItem\",\"position\":2,\"name\":\"L\u2019\u00e9tat de la transposition de la directive (UE) 2024\\\/1226 en Belgique et en France : un nouveau cadre p\u00e9nal pour les violations des sanctions de l\u2019Union europ\u00e9enne\"}]},{\"@type\":\"WebSite\",\"@id\":\"https:\\\/\\\/www.daldewolf.com\\\/nl\\\/#website\",\"url\":\"https:\\\/\\\/www.daldewolf.com\\\/nl\\\/\",\"name\":\"DALDEWOLF\",\"description\":\"Independant Law firm, Since 1958.\",\"publisher\":{\"@id\":\"https:\\\/\\\/www.daldewolf.com\\\/nl\\\/#organization\"},\"potentialAction\":[{\"@type\":\"SearchAction\",\"target\":{\"@type\":\"EntryPoint\",\"urlTemplate\":\"https:\\\/\\\/www.daldewolf.com\\\/nl\\\/?s={search_term_string}\"},\"query-input\":{\"@type\":\"PropertyValueSpecification\",\"valueRequired\":true,\"valueName\":\"search_term_string\"}}],\"inLanguage\":\"fr-FR\"},{\"@type\":\"Organization\",\"@id\":\"https:\\\/\\\/www.daldewolf.com\\\/nl\\\/#organization\",\"name\":\"DALDEWOLF\",\"url\":\"https:\\\/\\\/www.daldewolf.com\\\/nl\\\/\",\"logo\":{\"@type\":\"ImageObject\",\"inLanguage\":\"fr-FR\",\"@id\":\"https:\\\/\\\/www.daldewolf.com\\\/nl\\\/#\\\/schema\\\/logo\\\/image\\\/\",\"url\":\"https:\\\/\\\/www.daldewolf.com\\\/wp-content\\\/uploads\\\/2020\\\/05\\\/Logo-Daldewolf.png\",\"contentUrl\":\"https:\\\/\\\/www.daldewolf.com\\\/wp-content\\\/uploads\\\/2020\\\/05\\\/Logo-Daldewolf.png\",\"width\":320,\"height\":40,\"caption\":\"DALDEWOLF\"},\"image\":{\"@id\":\"https:\\\/\\\/www.daldewolf.com\\\/nl\\\/#\\\/schema\\\/logo\\\/image\\\/\"},\"sameAs\":[\"https:\\\/\\\/www.linkedin.com\\\/company\\\/10193320\"]},{\"@type\":\"Person\",\"@id\":\"https:\\\/\\\/www.daldewolf.com\\\/nl\\\/#\\\/schema\\\/person\\\/e3f911046ea6ce16d864e88be3452d83\",\"name\":\"Daldewolf-MathieuMaes\",\"image\":{\"@type\":\"ImageObject\",\"inLanguage\":\"fr-FR\",\"@id\":\"https:\\\/\\\/secure.gravatar.com\\\/avatar\\\/18f233dd88ab6bb96eecae41ac8cc5e3c24977d2c37825f063d12c83acaf0f69?s=96&d=mm&r=g\",\"url\":\"https:\\\/\\\/secure.gravatar.com\\\/avatar\\\/18f233dd88ab6bb96eecae41ac8cc5e3c24977d2c37825f063d12c83acaf0f69?s=96&d=mm&r=g\",\"contentUrl\":\"https:\\\/\\\/secure.gravatar.com\\\/avatar\\\/18f233dd88ab6bb96eecae41ac8cc5e3c24977d2c37825f063d12c83acaf0f69?s=96&d=mm&r=g\",\"caption\":\"Daldewolf-MathieuMaes\"},\"url\":\"https:\\\/\\\/www.daldewolf.com\\\/fr\\\/author\\\/daldewolf-mathieumaes\\\/\"}]}<\/script>\n<!-- \/ Yoast SEO plugin. -->","yoast_head_json":{"title":"L\u2019\u00e9tat de la transposition de la directive (UE) 2024\/1226 en Belgique et en France : un nouveau cadre p\u00e9nal pour les violations des sanctions de l\u2019Union europ\u00e9enne - DALDEWOLF","description":"La directive (UE) 2024\/1226 du 24 avril 2024 renforce le r\u00e9gime europ\u00e9en des sanctions. Elle harmonise la d\u00e9finition des infractions et des sanctions applicables en cas de violation des mesures restrictives de l\u2019UE.","robots":{"index":"index","follow":"follow","max-snippet":"max-snippet:-1","max-image-preview":"max-image-preview:large","max-video-preview":"max-video-preview:-1"},"canonical":"https:\/\/www.daldewolf.com\/fr\/letat-de-la-transposition-de-la-directive-ue-2024-1226-en-belgique-et-en-france-un-nouveau-cadre-penal-pour-les-violations-des-sanctions-de-lunion-europeenne\/","og_locale":"fr_FR","og_type":"article","og_title":"L\u2019\u00e9tat de la transposition de la directive (UE) 2024\/1226 en Belgique et en France : un nouveau cadre p\u00e9nal pour les violations des sanctions de l\u2019Union europ\u00e9enne - DALDEWOLF","og_description":"La directive (UE) 2024\/1226 du 24 avril 2024 renforce le r\u00e9gime europ\u00e9en des sanctions. Elle harmonise la d\u00e9finition des infractions et des sanctions applicables en cas de violation des mesures restrictives de l\u2019UE.","og_url":"https:\/\/www.daldewolf.com\/fr\/letat-de-la-transposition-de-la-directive-ue-2024-1226-en-belgique-et-en-france-un-nouveau-cadre-penal-pour-les-violations-des-sanctions-de-lunion-europeenne\/","og_site_name":"DALDEWOLF","article_published_time":"2026-09-03T14:02:13+00:00","article_modified_time":"2026-09-03T14:11:32+00:00","og_image":[{"width":1024,"height":1024,"url":"https:\/\/www.daldewolf.com\/wp-content\/uploads\/2026\/09\/TBO-TEB-1024x1024.png","type":"image\/png"}],"author":"Daldewolf-MathieuMaes","twitter_card":"summary_large_image","twitter_misc":{"\u00c9crit par":"Daldewolf-MathieuMaes","Dur\u00e9e de lecture estim\u00e9e":"5 minutes"},"schema":{"@context":"https:\/\/schema.org","@graph":[{"@type":"Article","@id":"https:\/\/www.daldewolf.com\/fr\/letat-de-la-transposition-de-la-directive-ue-2024-1226-en-belgique-et-en-france-un-nouveau-cadre-penal-pour-les-violations-des-sanctions-de-lunion-europeenne\/#article","isPartOf":{"@id":"https:\/\/www.daldewolf.com\/fr\/letat-de-la-transposition-de-la-directive-ue-2024-1226-en-belgique-et-en-france-un-nouveau-cadre-penal-pour-les-violations-des-sanctions-de-lunion-europeenne\/"},"author":{"name":"Daldewolf-MathieuMaes","@id":"https:\/\/www.daldewolf.com\/nl\/#\/schema\/person\/e3f911046ea6ce16d864e88be3452d83"},"headline":"L\u2019\u00e9tat de la transposition de la directive (UE) 2024\/1226 en Belgique et en France : un nouveau cadre p\u00e9nal pour les violations des sanctions de l\u2019Union europ\u00e9enne","datePublished":"2026-09-03T14:02:13+00:00","dateModified":"2026-09-03T14:11:32+00:00","mainEntityOfPage":{"@id":"https:\/\/www.daldewolf.com\/fr\/letat-de-la-transposition-de-la-directive-ue-2024-1226-en-belgique-et-en-france-un-nouveau-cadre-penal-pour-les-violations-des-sanctions-de-lunion-europeenne\/"},"wordCount":1132,"publisher":{"@id":"https:\/\/www.daldewolf.com\/nl\/#organization"},"image":{"@id":"https:\/\/www.daldewolf.com\/fr\/letat-de-la-transposition-de-la-directive-ue-2024-1226-en-belgique-et-en-france-un-nouveau-cadre-penal-pour-les-violations-des-sanctions-de-lunion-europeenne\/#primaryimage"},"thumbnailUrl":"https:\/\/www.daldewolf.com\/wp-content\/uploads\/2026\/09\/TBO-TEB-150x150.png","articleSection":["knowhow","news"],"inLanguage":"fr-FR"},{"@type":"WebPage","@id":"https:\/\/www.daldewolf.com\/fr\/letat-de-la-transposition-de-la-directive-ue-2024-1226-en-belgique-et-en-france-un-nouveau-cadre-penal-pour-les-violations-des-sanctions-de-lunion-europeenne\/","url":"https:\/\/www.daldewolf.com\/fr\/letat-de-la-transposition-de-la-directive-ue-2024-1226-en-belgique-et-en-france-un-nouveau-cadre-penal-pour-les-violations-des-sanctions-de-lunion-europeenne\/","name":"L\u2019\u00e9tat de la transposition de la directive (UE) 2024\/1226 en Belgique et en France : un nouveau cadre p\u00e9nal pour les violations des sanctions de l\u2019Union europ\u00e9enne - DALDEWOLF","isPartOf":{"@id":"https:\/\/www.daldewolf.com\/nl\/#website"},"primaryImageOfPage":{"@id":"https:\/\/www.daldewolf.com\/fr\/letat-de-la-transposition-de-la-directive-ue-2024-1226-en-belgique-et-en-france-un-nouveau-cadre-penal-pour-les-violations-des-sanctions-de-lunion-europeenne\/#primaryimage"},"image":{"@id":"https:\/\/www.daldewolf.com\/fr\/letat-de-la-transposition-de-la-directive-ue-2024-1226-en-belgique-et-en-france-un-nouveau-cadre-penal-pour-les-violations-des-sanctions-de-lunion-europeenne\/#primaryimage"},"thumbnailUrl":"https:\/\/www.daldewolf.com\/wp-content\/uploads\/2026\/09\/TBO-TEB-150x150.png","datePublished":"2026-09-03T14:02:13+00:00","dateModified":"2026-09-03T14:11:32+00:00","description":"La directive (UE) 2024\/1226 du 24 avril 2024 renforce le r\u00e9gime europ\u00e9en des sanctions. Elle harmonise la d\u00e9finition des infractions et des sanctions applicables en cas de violation des mesures restrictives de l\u2019UE.","breadcrumb":{"@id":"https:\/\/www.daldewolf.com\/fr\/letat-de-la-transposition-de-la-directive-ue-2024-1226-en-belgique-et-en-france-un-nouveau-cadre-penal-pour-les-violations-des-sanctions-de-lunion-europeenne\/#breadcrumb"},"inLanguage":"fr-FR","potentialAction":[{"@type":"ReadAction","target":["https:\/\/www.daldewolf.com\/fr\/letat-de-la-transposition-de-la-directive-ue-2024-1226-en-belgique-et-en-france-un-nouveau-cadre-penal-pour-les-violations-des-sanctions-de-lunion-europeenne\/"]}]},{"@type":"ImageObject","inLanguage":"fr-FR","@id":"https:\/\/www.daldewolf.com\/fr\/letat-de-la-transposition-de-la-directive-ue-2024-1226-en-belgique-et-en-france-un-nouveau-cadre-penal-pour-les-violations-des-sanctions-de-lunion-europeenne\/#primaryimage","url":"https:\/\/www.daldewolf.com\/wp-content\/uploads\/2026\/09\/TBO-TEB-150x150.png","contentUrl":"https:\/\/www.daldewolf.com\/wp-content\/uploads\/2026\/09\/TBO-TEB-150x150.png"},{"@type":"BreadcrumbList","@id":"https:\/\/www.daldewolf.com\/fr\/letat-de-la-transposition-de-la-directive-ue-2024-1226-en-belgique-et-en-france-un-nouveau-cadre-penal-pour-les-violations-des-sanctions-de-lunion-europeenne\/#breadcrumb","itemListElement":[{"@type":"ListItem","position":1,"name":"Home","item":"https:\/\/www.daldewolf.com\/fr\/"},{"@type":"ListItem","position":2,"name":"L\u2019\u00e9tat de la transposition de la directive (UE) 2024\/1226 en Belgique et en France : un nouveau cadre p\u00e9nal pour les violations des sanctions de l\u2019Union europ\u00e9enne"}]},{"@type":"WebSite","@id":"https:\/\/www.daldewolf.com\/nl\/#website","url":"https:\/\/www.daldewolf.com\/nl\/","name":"DALDEWOLF","description":"Independant Law firm, Since 1958.","publisher":{"@id":"https:\/\/www.daldewolf.com\/nl\/#organization"},"potentialAction":[{"@type":"SearchAction","target":{"@type":"EntryPoint","urlTemplate":"https:\/\/www.daldewolf.com\/nl\/?s={search_term_string}"},"query-input":{"@type":"PropertyValueSpecification","valueRequired":true,"valueName":"search_term_string"}}],"inLanguage":"fr-FR"},{"@type":"Organization","@id":"https:\/\/www.daldewolf.com\/nl\/#organization","name":"DALDEWOLF","url":"https:\/\/www.daldewolf.com\/nl\/","logo":{"@type":"ImageObject","inLanguage":"fr-FR","@id":"https:\/\/www.daldewolf.com\/nl\/#\/schema\/logo\/image\/","url":"https:\/\/www.daldewolf.com\/wp-content\/uploads\/2020\/05\/Logo-Daldewolf.png","contentUrl":"https:\/\/www.daldewolf.com\/wp-content\/uploads\/2020\/05\/Logo-Daldewolf.png","width":320,"height":40,"caption":"DALDEWOLF"},"image":{"@id":"https:\/\/www.daldewolf.com\/nl\/#\/schema\/logo\/image\/"},"sameAs":["https:\/\/www.linkedin.com\/company\/10193320"]},{"@type":"Person","@id":"https:\/\/www.daldewolf.com\/nl\/#\/schema\/person\/e3f911046ea6ce16d864e88be3452d83","name":"Daldewolf-MathieuMaes","image":{"@type":"ImageObject","inLanguage":"fr-FR","@id":"https:\/\/secure.gravatar.com\/avatar\/18f233dd88ab6bb96eecae41ac8cc5e3c24977d2c37825f063d12c83acaf0f69?s=96&d=mm&r=g","url":"https:\/\/secure.gravatar.com\/avatar\/18f233dd88ab6bb96eecae41ac8cc5e3c24977d2c37825f063d12c83acaf0f69?s=96&d=mm&r=g","contentUrl":"https:\/\/secure.gravatar.com\/avatar\/18f233dd88ab6bb96eecae41ac8cc5e3c24977d2c37825f063d12c83acaf0f69?s=96&d=mm&r=g","caption":"Daldewolf-MathieuMaes"},"url":"https:\/\/www.daldewolf.com\/fr\/author\/daldewolf-mathieumaes\/"}]}},"_links":{"self":[{"href":"https:\/\/www.daldewolf.com\/fr\/wp-json\/wp\/v2\/posts\/19653","targetHints":{"allow":["GET"]}}],"collection":[{"href":"https:\/\/www.daldewolf.com\/fr\/wp-json\/wp\/v2\/posts"}],"about":[{"href":"https:\/\/www.daldewolf.com\/fr\/wp-json\/wp\/v2\/types\/post"}],"author":[{"embeddable":true,"href":"https:\/\/www.daldewolf.com\/fr\/wp-json\/wp\/v2\/users\/5"}],"replies":[{"embeddable":true,"href":"https:\/\/www.daldewolf.com\/fr\/wp-json\/wp\/v2\/comments?post=19653"}],"version-history":[{"count":4,"href":"https:\/\/www.daldewolf.com\/fr\/wp-json\/wp\/v2\/posts\/19653\/revisions"}],"predecessor-version":[{"id":19661,"href":"https:\/\/www.daldewolf.com\/fr\/wp-json\/wp\/v2\/posts\/19653\/revisions\/19661"}],"wp:attachment":[{"href":"https:\/\/www.daldewolf.com\/fr\/wp-json\/wp\/v2\/media?parent=19653"}],"wp:term":[{"taxonomy":"category","embeddable":true,"href":"https:\/\/www.daldewolf.com\/fr\/wp-json\/wp\/v2\/categories?post=19653"},{"taxonomy":"post_tag","embeddable":true,"href":"https:\/\/www.daldewolf.com\/fr\/wp-json\/wp\/v2\/tags?post=19653"}],"curies":[{"name":"wp","href":"https:\/\/api.w.org\/{rel}","templated":true}]}}