{"id":13469,"date":"2024-03-08T15:13:07","date_gmt":"2024-03-08T14:13:07","guid":{"rendered":"https:\/\/www.daldewolf.com\/?p=13469"},"modified":"2024-03-08T15:13:54","modified_gmt":"2024-03-08T14:13:54","slug":"daldewolf-assiste-petrus-sa-pour-la-vente-de-ses-actions-dans-optimol","status":"publish","type":"post","link":"https:\/\/www.daldewolf.com\/fr\/daldewolf-assiste-petrus-sa-pour-la-vente-de-ses-actions-dans-optimol\/","title":{"rendered":"DALDEWOLF assiste Petrus SA pour la vente de ses actions dans Optimol"},"content":{"rendered":"<p><img loading=\"lazy\" decoding=\"async\" class=\"alignright wp-image-13470 size-medium\" src=\"https:\/\/www.daldewolf.com\/wp-content\/uploads\/2024\/03\/20240308-LADS-Optimol-300x157.png\" alt=\"\" width=\"300\" height=\"157\" srcset=\"https:\/\/www.daldewolf.com\/wp-content\/uploads\/2024\/03\/20240308-LADS-Optimol-300x157.png 300w, https:\/\/www.daldewolf.com\/wp-content\/uploads\/2024\/03\/20240308-LADS-Optimol-1024x536.png 1024w, https:\/\/www.daldewolf.com\/wp-content\/uploads\/2024\/03\/20240308-LADS-Optimol.png 1200w\" sizes=\"auto, (max-width: 300px) 100vw, 300px\" \/>Le 8 mars 2024, Telko a annonc\u00e9 l&#8217;acquisition aupr\u00e8s de Petrus S.A. d&#8217;actions dans Optimol Tribotechnik SA, Optimol Netherlands BV, Optimol France SAS et Greenfluid SAS: <a href=\"https:\/\/www.telko.com\/en\/news\/telko-expands-in-western-europe-via-a-strategic-acquisition-in-specialty-products\" target=\"_blank\" rel=\"noopener\">https:\/\/www.telko.com\/en\/news\/telko-expands-in-western-europe-via-a-strategic-acquisition-in-specialty-products<\/a>. Les entreprises acquises sont des distributeurs leaders de sp\u00e9cialit\u00e9s industrielles haut de gamme et de lubrifiants haute performance, de fluides pour le travail des m\u00e9taux et d&#8217;autres lubrifiants industriels en France et dans le Benelux.<\/p>\n<p>L&#8217;\u00e9quipe de DALDEWOLF qui a conseill\u00e9 Petrus SA dans cette transaction \u00e9tait compos\u00e9e de Laetitia De Smet, Associ\u00e9e, et Ellen Buggenhout, Collaboratrice, ainsi que de Marc Kobylinski, Directeur G\u00e9n\u00e9ral d&#8217;Allyum.<\/p>\n","protected":false},"excerpt":{"rendered":"<p>Le 8 mars 2024, Telko a annonc\u00e9 l&#8217;acquisition aupr\u00e8s de Petrus S.A. d&#8217;actions dans Optimol Tribotechnik SA, Optimol Netherlands BV, Optimol France SAS et Greenfluid SAS: https:\/\/www.telko.com\/en\/news\/telko-expands-in-western-europe-via-a-strategic-acquisition-in-specialty-products. Les entreprises acquises sont des distributeurs leaders de sp\u00e9cialit\u00e9s industrielles haut de gamme et de lubrifiants haute performance, de fluides pour le travail des m\u00e9taux et d&#8217;autres lubrifiants&#8230;<\/p>\n","protected":false},"author":5,"featured_media":0,"comment_status":"closed","ping_status":"closed","sticky":false,"template":"","format":"standard","meta":{"_acf_changed":false,"footnotes":""},"categories":[58],"tags":[],"class_list":["post-13469","post","type-post","status-publish","format-standard","hentry","category-news"],"acf":[],"yoast_head":"<!-- This site is optimized with the Yoast SEO plugin v27.4 - https:\/\/yoast.com\/product\/yoast-seo-wordpress\/ -->\n<title>DALDEWOLF assiste Petrus SA pour la vente de ses actions dans Optimol - DALDEWOLF<\/title>\n<meta name=\"description\" content=\"L&#039;\u00e9quipe de DALDEWOLF qui a conseill\u00e9 Petrus SA dans cette transaction \u00e9tait compos\u00e9e de Laetitia De Smet et Ellen Buggenhout.\" \/>\n<meta name=\"robots\" content=\"index, follow, max-snippet:-1, max-image-preview:large, max-video-preview:-1\" \/>\n<link rel=\"canonical\" href=\"https:\/\/www.daldewolf.com\/fr\/daldewolf-assiste-petrus-sa-pour-la-vente-de-ses-actions-dans-optimol\/\" \/>\n<meta property=\"og:locale\" content=\"fr_FR\" \/>\n<meta property=\"og:type\" content=\"article\" \/>\n<meta property=\"og:title\" content=\"DALDEWOLF assiste Petrus SA pour la vente de ses actions dans Optimol - DALDEWOLF\" \/>\n<meta property=\"og:description\" content=\"L&#039;\u00e9quipe de DALDEWOLF qui a conseill\u00e9 Petrus SA dans cette transaction \u00e9tait compos\u00e9e de Laetitia De Smet et Ellen Buggenhout.\" \/>\n<meta property=\"og:url\" content=\"https:\/\/www.daldewolf.com\/fr\/daldewolf-assiste-petrus-sa-pour-la-vente-de-ses-actions-dans-optimol\/\" \/>\n<meta property=\"og:site_name\" content=\"DALDEWOLF\" \/>\n<meta property=\"article:published_time\" content=\"2024-03-08T14:13:07+00:00\" \/>\n<meta property=\"article:modified_time\" content=\"2024-03-08T14:13:54+00:00\" \/>\n<meta property=\"og:image\" content=\"https:\/\/www.daldewolf.com\/wp-content\/uploads\/2024\/03\/20240308-LADS-Optimol-300x157.png\" \/>\n<meta name=\"author\" content=\"Daldewolf-MathieuMaes\" \/>\n<meta name=\"twitter:card\" content=\"summary_large_image\" \/>\n<meta name=\"twitter:label1\" content=\"\u00c9crit par\" \/>\n\t<meta name=\"twitter:data1\" content=\"Daldewolf-MathieuMaes\" \/>\n\t<meta name=\"twitter:label2\" content=\"Dur\u00e9e de lecture estim\u00e9e\" \/>\n\t<meta name=\"twitter:data2\" content=\"1 minute\" \/>\n<script type=\"application\/ld+json\" class=\"yoast-schema-graph\">{\"@context\":\"https:\\\/\\\/schema.org\",\"@graph\":[{\"@type\":\"Article\",\"@id\":\"https:\\\/\\\/www.daldewolf.com\\\/fr\\\/daldewolf-assiste-petrus-sa-pour-la-vente-de-ses-actions-dans-optimol\\\/#article\",\"isPartOf\":{\"@id\":\"https:\\\/\\\/www.daldewolf.com\\\/fr\\\/daldewolf-assiste-petrus-sa-pour-la-vente-de-ses-actions-dans-optimol\\\/\"},\"author\":{\"name\":\"Daldewolf-MathieuMaes\",\"@id\":\"https:\\\/\\\/www.daldewolf.com\\\/nl\\\/#\\\/schema\\\/person\\\/e3f911046ea6ce16d864e88be3452d83\"},\"headline\":\"DALDEWOLF assiste Petrus SA pour la vente de ses actions dans Optimol\",\"datePublished\":\"2024-03-08T14:13:07+00:00\",\"dateModified\":\"2024-03-08T14:13:54+00:00\",\"mainEntityOfPage\":{\"@id\":\"https:\\\/\\\/www.daldewolf.com\\\/fr\\\/daldewolf-assiste-petrus-sa-pour-la-vente-de-ses-actions-dans-optimol\\\/\"},\"wordCount\":122,\"publisher\":{\"@id\":\"https:\\\/\\\/www.daldewolf.com\\\/nl\\\/#organization\"},\"image\":{\"@id\":\"https:\\\/\\\/www.daldewolf.com\\\/fr\\\/daldewolf-assiste-petrus-sa-pour-la-vente-de-ses-actions-dans-optimol\\\/#primaryimage\"},\"thumbnailUrl\":\"https:\\\/\\\/www.daldewolf.com\\\/wp-content\\\/uploads\\\/2024\\\/03\\\/20240308-LADS-Optimol-300x157.png\",\"articleSection\":[\"news\"],\"inLanguage\":\"fr-FR\"},{\"@type\":\"WebPage\",\"@id\":\"https:\\\/\\\/www.daldewolf.com\\\/fr\\\/daldewolf-assiste-petrus-sa-pour-la-vente-de-ses-actions-dans-optimol\\\/\",\"url\":\"https:\\\/\\\/www.daldewolf.com\\\/fr\\\/daldewolf-assiste-petrus-sa-pour-la-vente-de-ses-actions-dans-optimol\\\/\",\"name\":\"DALDEWOLF assiste Petrus SA pour la vente de ses actions dans Optimol - DALDEWOLF\",\"isPartOf\":{\"@id\":\"https:\\\/\\\/www.daldewolf.com\\\/nl\\\/#website\"},\"primaryImageOfPage\":{\"@id\":\"https:\\\/\\\/www.daldewolf.com\\\/fr\\\/daldewolf-assiste-petrus-sa-pour-la-vente-de-ses-actions-dans-optimol\\\/#primaryimage\"},\"image\":{\"@id\":\"https:\\\/\\\/www.daldewolf.com\\\/fr\\\/daldewolf-assiste-petrus-sa-pour-la-vente-de-ses-actions-dans-optimol\\\/#primaryimage\"},\"thumbnailUrl\":\"https:\\\/\\\/www.daldewolf.com\\\/wp-content\\\/uploads\\\/2024\\\/03\\\/20240308-LADS-Optimol-300x157.png\",\"datePublished\":\"2024-03-08T14:13:07+00:00\",\"dateModified\":\"2024-03-08T14:13:54+00:00\",\"description\":\"L'\u00e9quipe de DALDEWOLF qui a conseill\u00e9 Petrus SA dans cette transaction \u00e9tait compos\u00e9e de Laetitia De Smet et Ellen Buggenhout.\",\"breadcrumb\":{\"@id\":\"https:\\\/\\\/www.daldewolf.com\\\/fr\\\/daldewolf-assiste-petrus-sa-pour-la-vente-de-ses-actions-dans-optimol\\\/#breadcrumb\"},\"inLanguage\":\"fr-FR\",\"potentialAction\":[{\"@type\":\"ReadAction\",\"target\":[\"https:\\\/\\\/www.daldewolf.com\\\/fr\\\/daldewolf-assiste-petrus-sa-pour-la-vente-de-ses-actions-dans-optimol\\\/\"]}]},{\"@type\":\"ImageObject\",\"inLanguage\":\"fr-FR\",\"@id\":\"https:\\\/\\\/www.daldewolf.com\\\/fr\\\/daldewolf-assiste-petrus-sa-pour-la-vente-de-ses-actions-dans-optimol\\\/#primaryimage\",\"url\":\"https:\\\/\\\/www.daldewolf.com\\\/wp-content\\\/uploads\\\/2024\\\/03\\\/20240308-LADS-Optimol-300x157.png\",\"contentUrl\":\"https:\\\/\\\/www.daldewolf.com\\\/wp-content\\\/uploads\\\/2024\\\/03\\\/20240308-LADS-Optimol-300x157.png\"},{\"@type\":\"BreadcrumbList\",\"@id\":\"https:\\\/\\\/www.daldewolf.com\\\/fr\\\/daldewolf-assiste-petrus-sa-pour-la-vente-de-ses-actions-dans-optimol\\\/#breadcrumb\",\"itemListElement\":[{\"@type\":\"ListItem\",\"position\":1,\"name\":\"Home\",\"item\":\"https:\\\/\\\/www.daldewolf.com\\\/fr\\\/\"},{\"@type\":\"ListItem\",\"position\":2,\"name\":\"DALDEWOLF assiste Petrus SA pour la vente de ses actions dans Optimol\"}]},{\"@type\":\"WebSite\",\"@id\":\"https:\\\/\\\/www.daldewolf.com\\\/nl\\\/#website\",\"url\":\"https:\\\/\\\/www.daldewolf.com\\\/nl\\\/\",\"name\":\"DALDEWOLF\",\"description\":\"Independant Law firm, Since 1958.\",\"publisher\":{\"@id\":\"https:\\\/\\\/www.daldewolf.com\\\/nl\\\/#organization\"},\"potentialAction\":[{\"@type\":\"SearchAction\",\"target\":{\"@type\":\"EntryPoint\",\"urlTemplate\":\"https:\\\/\\\/www.daldewolf.com\\\/nl\\\/?s={search_term_string}\"},\"query-input\":{\"@type\":\"PropertyValueSpecification\",\"valueRequired\":true,\"valueName\":\"search_term_string\"}}],\"inLanguage\":\"fr-FR\"},{\"@type\":\"Organization\",\"@id\":\"https:\\\/\\\/www.daldewolf.com\\\/nl\\\/#organization\",\"name\":\"DALDEWOLF\",\"url\":\"https:\\\/\\\/www.daldewolf.com\\\/nl\\\/\",\"logo\":{\"@type\":\"ImageObject\",\"inLanguage\":\"fr-FR\",\"@id\":\"https:\\\/\\\/www.daldewolf.com\\\/nl\\\/#\\\/schema\\\/logo\\\/image\\\/\",\"url\":\"https:\\\/\\\/www.daldewolf.com\\\/wp-content\\\/uploads\\\/2020\\\/05\\\/Logo-Daldewolf.png\",\"contentUrl\":\"https:\\\/\\\/www.daldewolf.com\\\/wp-content\\\/uploads\\\/2020\\\/05\\\/Logo-Daldewolf.png\",\"width\":320,\"height\":40,\"caption\":\"DALDEWOLF\"},\"image\":{\"@id\":\"https:\\\/\\\/www.daldewolf.com\\\/nl\\\/#\\\/schema\\\/logo\\\/image\\\/\"},\"sameAs\":[\"https:\\\/\\\/www.linkedin.com\\\/company\\\/10193320\"]},{\"@type\":\"Person\",\"@id\":\"https:\\\/\\\/www.daldewolf.com\\\/nl\\\/#\\\/schema\\\/person\\\/e3f911046ea6ce16d864e88be3452d83\",\"name\":\"Daldewolf-MathieuMaes\",\"image\":{\"@type\":\"ImageObject\",\"inLanguage\":\"fr-FR\",\"@id\":\"https:\\\/\\\/secure.gravatar.com\\\/avatar\\\/18f233dd88ab6bb96eecae41ac8cc5e3c24977d2c37825f063d12c83acaf0f69?s=96&d=mm&r=g\",\"url\":\"https:\\\/\\\/secure.gravatar.com\\\/avatar\\\/18f233dd88ab6bb96eecae41ac8cc5e3c24977d2c37825f063d12c83acaf0f69?s=96&d=mm&r=g\",\"contentUrl\":\"https:\\\/\\\/secure.gravatar.com\\\/avatar\\\/18f233dd88ab6bb96eecae41ac8cc5e3c24977d2c37825f063d12c83acaf0f69?s=96&d=mm&r=g\",\"caption\":\"Daldewolf-MathieuMaes\"},\"url\":\"https:\\\/\\\/www.daldewolf.com\\\/fr\\\/author\\\/daldewolf-mathieumaes\\\/\"}]}<\/script>\n<!-- \/ Yoast SEO plugin. -->","yoast_head_json":{"title":"DALDEWOLF assiste Petrus SA pour la vente de ses actions dans Optimol - DALDEWOLF","description":"L'\u00e9quipe de DALDEWOLF qui a conseill\u00e9 Petrus SA dans cette transaction \u00e9tait compos\u00e9e de Laetitia De Smet et Ellen Buggenhout.","robots":{"index":"index","follow":"follow","max-snippet":"max-snippet:-1","max-image-preview":"max-image-preview:large","max-video-preview":"max-video-preview:-1"},"canonical":"https:\/\/www.daldewolf.com\/fr\/daldewolf-assiste-petrus-sa-pour-la-vente-de-ses-actions-dans-optimol\/","og_locale":"fr_FR","og_type":"article","og_title":"DALDEWOLF assiste Petrus SA pour la vente de ses actions dans Optimol - DALDEWOLF","og_description":"L'\u00e9quipe de DALDEWOLF qui a conseill\u00e9 Petrus SA dans cette transaction \u00e9tait compos\u00e9e de Laetitia De Smet et Ellen Buggenhout.","og_url":"https:\/\/www.daldewolf.com\/fr\/daldewolf-assiste-petrus-sa-pour-la-vente-de-ses-actions-dans-optimol\/","og_site_name":"DALDEWOLF","article_published_time":"2024-03-08T14:13:07+00:00","article_modified_time":"2024-03-08T14:13:54+00:00","og_image":[{"url":"https:\/\/www.daldewolf.com\/wp-content\/uploads\/2024\/03\/20240308-LADS-Optimol-300x157.png","type":"","width":"","height":""}],"author":"Daldewolf-MathieuMaes","twitter_card":"summary_large_image","twitter_misc":{"\u00c9crit par":"Daldewolf-MathieuMaes","Dur\u00e9e de lecture estim\u00e9e":"1 minute"},"schema":{"@context":"https:\/\/schema.org","@graph":[{"@type":"Article","@id":"https:\/\/www.daldewolf.com\/fr\/daldewolf-assiste-petrus-sa-pour-la-vente-de-ses-actions-dans-optimol\/#article","isPartOf":{"@id":"https:\/\/www.daldewolf.com\/fr\/daldewolf-assiste-petrus-sa-pour-la-vente-de-ses-actions-dans-optimol\/"},"author":{"name":"Daldewolf-MathieuMaes","@id":"https:\/\/www.daldewolf.com\/nl\/#\/schema\/person\/e3f911046ea6ce16d864e88be3452d83"},"headline":"DALDEWOLF assiste Petrus SA pour la vente de ses actions dans Optimol","datePublished":"2024-03-08T14:13:07+00:00","dateModified":"2024-03-08T14:13:54+00:00","mainEntityOfPage":{"@id":"https:\/\/www.daldewolf.com\/fr\/daldewolf-assiste-petrus-sa-pour-la-vente-de-ses-actions-dans-optimol\/"},"wordCount":122,"publisher":{"@id":"https:\/\/www.daldewolf.com\/nl\/#organization"},"image":{"@id":"https:\/\/www.daldewolf.com\/fr\/daldewolf-assiste-petrus-sa-pour-la-vente-de-ses-actions-dans-optimol\/#primaryimage"},"thumbnailUrl":"https:\/\/www.daldewolf.com\/wp-content\/uploads\/2024\/03\/20240308-LADS-Optimol-300x157.png","articleSection":["news"],"inLanguage":"fr-FR"},{"@type":"WebPage","@id":"https:\/\/www.daldewolf.com\/fr\/daldewolf-assiste-petrus-sa-pour-la-vente-de-ses-actions-dans-optimol\/","url":"https:\/\/www.daldewolf.com\/fr\/daldewolf-assiste-petrus-sa-pour-la-vente-de-ses-actions-dans-optimol\/","name":"DALDEWOLF assiste Petrus SA pour la vente de ses actions dans Optimol - DALDEWOLF","isPartOf":{"@id":"https:\/\/www.daldewolf.com\/nl\/#website"},"primaryImageOfPage":{"@id":"https:\/\/www.daldewolf.com\/fr\/daldewolf-assiste-petrus-sa-pour-la-vente-de-ses-actions-dans-optimol\/#primaryimage"},"image":{"@id":"https:\/\/www.daldewolf.com\/fr\/daldewolf-assiste-petrus-sa-pour-la-vente-de-ses-actions-dans-optimol\/#primaryimage"},"thumbnailUrl":"https:\/\/www.daldewolf.com\/wp-content\/uploads\/2024\/03\/20240308-LADS-Optimol-300x157.png","datePublished":"2024-03-08T14:13:07+00:00","dateModified":"2024-03-08T14:13:54+00:00","description":"L'\u00e9quipe de DALDEWOLF qui a conseill\u00e9 Petrus SA dans cette transaction \u00e9tait compos\u00e9e de Laetitia De Smet et Ellen Buggenhout.","breadcrumb":{"@id":"https:\/\/www.daldewolf.com\/fr\/daldewolf-assiste-petrus-sa-pour-la-vente-de-ses-actions-dans-optimol\/#breadcrumb"},"inLanguage":"fr-FR","potentialAction":[{"@type":"ReadAction","target":["https:\/\/www.daldewolf.com\/fr\/daldewolf-assiste-petrus-sa-pour-la-vente-de-ses-actions-dans-optimol\/"]}]},{"@type":"ImageObject","inLanguage":"fr-FR","@id":"https:\/\/www.daldewolf.com\/fr\/daldewolf-assiste-petrus-sa-pour-la-vente-de-ses-actions-dans-optimol\/#primaryimage","url":"https:\/\/www.daldewolf.com\/wp-content\/uploads\/2024\/03\/20240308-LADS-Optimol-300x157.png","contentUrl":"https:\/\/www.daldewolf.com\/wp-content\/uploads\/2024\/03\/20240308-LADS-Optimol-300x157.png"},{"@type":"BreadcrumbList","@id":"https:\/\/www.daldewolf.com\/fr\/daldewolf-assiste-petrus-sa-pour-la-vente-de-ses-actions-dans-optimol\/#breadcrumb","itemListElement":[{"@type":"ListItem","position":1,"name":"Home","item":"https:\/\/www.daldewolf.com\/fr\/"},{"@type":"ListItem","position":2,"name":"DALDEWOLF assiste Petrus SA pour la vente de ses actions dans Optimol"}]},{"@type":"WebSite","@id":"https:\/\/www.daldewolf.com\/nl\/#website","url":"https:\/\/www.daldewolf.com\/nl\/","name":"DALDEWOLF","description":"Independant Law firm, Since 1958.","publisher":{"@id":"https:\/\/www.daldewolf.com\/nl\/#organization"},"potentialAction":[{"@type":"SearchAction","target":{"@type":"EntryPoint","urlTemplate":"https:\/\/www.daldewolf.com\/nl\/?s={search_term_string}"},"query-input":{"@type":"PropertyValueSpecification","valueRequired":true,"valueName":"search_term_string"}}],"inLanguage":"fr-FR"},{"@type":"Organization","@id":"https:\/\/www.daldewolf.com\/nl\/#organization","name":"DALDEWOLF","url":"https:\/\/www.daldewolf.com\/nl\/","logo":{"@type":"ImageObject","inLanguage":"fr-FR","@id":"https:\/\/www.daldewolf.com\/nl\/#\/schema\/logo\/image\/","url":"https:\/\/www.daldewolf.com\/wp-content\/uploads\/2020\/05\/Logo-Daldewolf.png","contentUrl":"https:\/\/www.daldewolf.com\/wp-content\/uploads\/2020\/05\/Logo-Daldewolf.png","width":320,"height":40,"caption":"DALDEWOLF"},"image":{"@id":"https:\/\/www.daldewolf.com\/nl\/#\/schema\/logo\/image\/"},"sameAs":["https:\/\/www.linkedin.com\/company\/10193320"]},{"@type":"Person","@id":"https:\/\/www.daldewolf.com\/nl\/#\/schema\/person\/e3f911046ea6ce16d864e88be3452d83","name":"Daldewolf-MathieuMaes","image":{"@type":"ImageObject","inLanguage":"fr-FR","@id":"https:\/\/secure.gravatar.com\/avatar\/18f233dd88ab6bb96eecae41ac8cc5e3c24977d2c37825f063d12c83acaf0f69?s=96&d=mm&r=g","url":"https:\/\/secure.gravatar.com\/avatar\/18f233dd88ab6bb96eecae41ac8cc5e3c24977d2c37825f063d12c83acaf0f69?s=96&d=mm&r=g","contentUrl":"https:\/\/secure.gravatar.com\/avatar\/18f233dd88ab6bb96eecae41ac8cc5e3c24977d2c37825f063d12c83acaf0f69?s=96&d=mm&r=g","caption":"Daldewolf-MathieuMaes"},"url":"https:\/\/www.daldewolf.com\/fr\/author\/daldewolf-mathieumaes\/"}]}},"_links":{"self":[{"href":"https:\/\/www.daldewolf.com\/fr\/wp-json\/wp\/v2\/posts\/13469","targetHints":{"allow":["GET"]}}],"collection":[{"href":"https:\/\/www.daldewolf.com\/fr\/wp-json\/wp\/v2\/posts"}],"about":[{"href":"https:\/\/www.daldewolf.com\/fr\/wp-json\/wp\/v2\/types\/post"}],"author":[{"embeddable":true,"href":"https:\/\/www.daldewolf.com\/fr\/wp-json\/wp\/v2\/users\/5"}],"replies":[{"embeddable":true,"href":"https:\/\/www.daldewolf.com\/fr\/wp-json\/wp\/v2\/comments?post=13469"}],"version-history":[{"count":0,"href":"https:\/\/www.daldewolf.com\/fr\/wp-json\/wp\/v2\/posts\/13469\/revisions"}],"wp:attachment":[{"href":"https:\/\/www.daldewolf.com\/fr\/wp-json\/wp\/v2\/media?parent=13469"}],"wp:term":[{"taxonomy":"category","embeddable":true,"href":"https:\/\/www.daldewolf.com\/fr\/wp-json\/wp\/v2\/categories?post=13469"},{"taxonomy":"post_tag","embeddable":true,"href":"https:\/\/www.daldewolf.com\/fr\/wp-json\/wp\/v2\/tags?post=13469"}],"curies":[{"name":"wp","href":"https:\/\/api.w.org\/{rel}","templated":true}]}}