{"id":12111,"date":"2023-09-01T14:24:33","date_gmt":"2023-09-01T13:24:33","guid":{"rendered":"https:\/\/www.daldewolf.com\/?p=12111"},"modified":"2023-09-01T15:03:57","modified_gmt":"2023-09-01T14:03:57","slug":"retards-de-paiements-b2c-vos-conditions-generales-sont-elles-en-regle","status":"publish","type":"post","link":"https:\/\/www.daldewolf.com\/fr\/retards-de-paiements-b2c-vos-conditions-generales-sont-elles-en-regle\/","title":{"rendered":"Retards de paiements B2C : vos conditions g\u00e9n\u00e9rales sont-elles en r\u00e8gle?"},"content":{"rendered":"<p><strong>Aujourd\u2019hui 1<sup>er<\/sup> septembre<\/strong><strong>, la Loi du 4 mai 2023 portant insertion du livre XIX &#8220;Dettes du consommateur&#8221; dans le Code de droit \u00e9conomique belge entre en vigueur pour les contrats conclus avec des consommateurs<\/strong><strong> \u00e0 partir de ce jour<\/strong><strong>. <\/strong><br \/>\n<strong>\u00c0 partir du 1er d\u00e9cembre 2023, ce texte s&#8217;appliquera \u00e9galement au recouvrement des dettes de consommateurs d\u00e9coulant de contrats conclus avant le 1er septembre 2023, si le retard de paiement ou la tentative de recouvrement amiable survient apr\u00e8s le 1er septembre 2023.<\/strong><\/p>\n<p><img loading=\"lazy\" decoding=\"async\" class=\"alignright wp-image-1651\" src=\"https:\/\/www.daldewolf.com\/wp-content\/uploads\/2020\/05\/BOGAERT-Dominique-1-474x324.jpg\" alt=\"Dominique BOGAERT - Avocate associ\u00e9e - DALDEWOLF\" width=\"300\" height=\"200\" srcset=\"https:\/\/www.daldewolf.com\/wp-content\/uploads\/2020\/05\/BOGAERT-Dominique-1-300x200.jpg 300w, https:\/\/www.daldewolf.com\/wp-content\/uploads\/2020\/05\/BOGAERT-Dominique-1-1024x683.jpg 1024w, https:\/\/www.daldewolf.com\/wp-content\/uploads\/2020\/05\/BOGAERT-Dominique-1-391x260.jpg 391w\" sizes=\"auto, (max-width: 300px) 100vw, 300px\" \/><\/p>\n<p>L&#8217;insertion de ce livre a pour but de mettre \u00e0 jour les r\u00e8gles qui concernent le processus de recouvrement amiable des dettes des consommateurs, que ce soit par le cr\u00e9ancier directement ou par l&#8217;interm\u00e9diaire de tiers. Cette loi cherche \u00e9galement \u00e0 trouver un \u00e9quilibre entre les cons\u00e9quences n\u00e9gatives que les entreprises peuvent subir en raison des retards de paiement par les consommateurs et l&#8217;impact financier que les activit\u00e9s de recouvrement de dettes peuvent avoir sur les consommateurs eux-m\u00eames.<\/p>\n<p>Lorsqu&#8217;un consommateur ne parvient pas \u00e0 rembourser sa dette \u00e0 la date d&#8217;\u00e9ch\u00e9ance pr\u00e9vue dans un contrat, et que ce contrat inclut une clause pr\u00e9voyant des p\u00e9nalit\u00e9s en cas de retard de paiement, cette clause ne peut \u00eatre activ\u00e9e qu&#8217;apr\u00e8s avoir suivi une proc\u00e9dure sp\u00e9cifique.<\/p>\n<p><strong>Premier rappel<\/strong><\/p>\n<p>Tout d&#8217;abord, le cr\u00e9ancier doit envoyer au consommateur une mise en demeure. Cette mise en demeure est g\u00e9n\u00e9ralement sous la forme d&#8217;un premier rappel. Les frais du premier rappel ne peuvent pas \u00eatre factur\u00e9s au consommateur. En ce qui concerne les contrats de fourniture r\u00e9guli\u00e8re de biens ou de services, les rappels relatifs \u00e0 trois dates d&#8217;\u00e9ch\u00e9ance \u00e9chues au cours d&#8217;une ann\u00e9e civile donn\u00e9e doivent \u00eatre gratuits pour le consommateur. Les frais des rappels suppl\u00e9mentaires ne peuvent pas d\u00e9passer 7,50 euros, \u00e0 majorer des frais postaux applicables au moment de l&#8217;envoi.<\/p>\n<p><strong>P\u00e9riode de gr\u00e2ce<\/strong><\/p>\n<p>Une fois ce premier rappel envoy\u00e9, il doit s&#8217;\u00e9couler un d\u00e9lai d&#8217;au moins quatorze jours calendrier avant que la clause de p\u00e9nalit\u00e9s puisse \u00eatre appliqu\u00e9e. Ce d\u00e9lai de quatorze jours commence \u00e0 compter \u00e0 partir du troisi\u00e8me jour ouvrable suivant l&#8217;envoi du rappel au consommateur.<\/p>\n<p>Cependant, si le rappel est envoy\u00e9 au consommateur par voie \u00e9lectronique, alors le d\u00e9lai de quatorze jours calendrier d\u00e9marre \u00e0 partir du jour calendrier suivant imm\u00e9diatement l&#8217;envoi du rappel \u00e9lectronique au consommateur.<\/p>\n<p><strong>Int\u00e9r\u00eats ou indemnit\u00e9 forfaitaire<\/strong><\/p>\n<p>Si un consommateur ne paie pas sa dette dans les 14 jours calendrier apr\u00e8s la date d&#8217;\u00e9ch\u00e9ance, et si le contrat pr\u00e9voit une clause d&#8217;int\u00e9r\u00eat de retard, une entreprise qui est une petite ou moyenne entreprise (PME) peut d\u00e9cider de commencer \u00e0 calculer cet int\u00e9r\u00eat de retard \u00e0 partir du jour suivant l&#8217;envoi d&#8217;un rappel au consommateur. Une PME est d\u00e9finie selon les crit\u00e8res \u00e9nonc\u00e9s dans le Code des soci\u00e9t\u00e9s et des associations au moment de l&#8217;application de ces r\u00e8gles.<\/p>\n<p>En cas de non-paiement total ou partiel de la dette apr\u00e8s le d\u00e9lai de 14 jours mentionn\u00e9 pr\u00e9c\u00e9demment, l&#8217;entreprise ne peut r\u00e9clamer au consommateur que deux types de paiements.<\/p>\n<p>D&#8217;une part, il y a les int\u00e9r\u00eats de retard, lesquels ne peuvent pas d\u00e9passer le taux directeur major\u00e9 de huit points de pourcentage, tel que pr\u00e9vu dans l&#8217;article 5, alin\u00e9a 2, de la loi du 2 ao\u00fbt 2002 concernant la lutte contre le retard de paiement dans les transactions commerciales. Ces int\u00e9r\u00eats sont calcul\u00e9s sur la somme restant \u00e0 payer.<\/p>\n<p>D&#8217;autre part, il y a une indemnit\u00e9 forfaitaire qui doit \u00eatre sp\u00e9cifiquement pr\u00e9vue dans le contrat. Cette indemnit\u00e9 a pour but de couvrir de mani\u00e8re forfaitaire \u00e0 la fois les int\u00e9r\u00eats de retard et tous les co\u00fbts associ\u00e9s au recouvrement amiable de la dette impay\u00e9e. Le montant de cette indemnit\u00e9 varie en fonction du montant de la dette restante, soit 20 euros si le montant d\u00fb est inf\u00e9rieur ou \u00e9gal \u00e0 150 euros, 30 euros plus 10 % du montant d\u00fb entre 150,01 et 500 euros, si la dette se situe dans cette tranche, et enfin, 65 euros plus 5 % du montant d\u00fb au-del\u00e0 de 500 euros, avec un maximum de 2 000 euros pour les dettes d\u00e9passant 500 euros.<\/p>\n<p><strong>Vos conditions g\u00e9n\u00e9rales sont-elles conformes?<\/strong><\/p>\n<p>Il est recommand\u00e9 aux entreprises de mettre \u00e0 jour leurs conditions g\u00e9n\u00e9rales sans d\u00e9lai afin de se conformer \u00e0 cette nouvelle loi. Toutes les dispositions contraires seront en effet nulles et non avenues. Contactez Ma\u00eetre <a href=\"https:\/\/www.daldewolf.com\/equipe\/dominique-bogaert\/\" target=\"_blank\" rel=\"noopener\">Dominique BOGAERT<\/a>, Associ\u00e9e, pour toute question ou assistance: <a href=\"mailto:dbo@daldewolf.com\">dbo@daldewolf.com<\/a> ou +32 485 95 55 45.<\/p>\n","protected":false},"excerpt":{"rendered":"<p>Aujourd\u2019hui 1er septembre, la Loi du 4 mai 2023 portant insertion du livre XIX &#8220;Dettes du consommateur&#8221; dans le Code de droit \u00e9conomique belge entre en vigueur pour les contrats conclus avec des consommateurs \u00e0 partir de ce jour. \u00c0 partir du 1er d\u00e9cembre 2023, ce texte s&#8217;appliquera \u00e9galement au recouvrement des dettes de consommateurs&#8230;<\/p>\n","protected":false},"author":5,"featured_media":12112,"comment_status":"closed","ping_status":"closed","sticky":false,"template":"","format":"standard","meta":{"_acf_changed":false,"footnotes":""},"categories":[44],"tags":[],"class_list":["post-12111","post","type-post","status-publish","format-standard","has-post-thumbnail","hentry","category-knowhow"],"acf":[],"yoast_head":"<!-- This site is optimized with the Yoast SEO plugin v27.4 - https:\/\/yoast.com\/product\/yoast-seo-wordpress\/ -->\n<title>Retards de paiements B2C : vos conditions g\u00e9n\u00e9rales sont-elles en r\u00e8gle? - DALDEWOLF<\/title>\n<meta name=\"description\" content=\"Loi du 4 mai 2023 portant insertion du livre XIX &quot;Dettes du consommateur&quot; dans le Code de droit \u00e9conomique belge\" \/>\n<meta name=\"robots\" content=\"index, follow, max-snippet:-1, max-image-preview:large, max-video-preview:-1\" \/>\n<link rel=\"canonical\" href=\"https:\/\/www.daldewolf.com\/fr\/retards-de-paiements-b2c-vos-conditions-generales-sont-elles-en-regle\/\" \/>\n<meta property=\"og:locale\" content=\"fr_FR\" \/>\n<meta property=\"og:type\" content=\"article\" \/>\n<meta property=\"og:title\" content=\"Retards de paiements B2C : vos conditions g\u00e9n\u00e9rales sont-elles en r\u00e8gle? - DALDEWOLF\" \/>\n<meta property=\"og:description\" content=\"Loi du 4 mai 2023 portant insertion du livre XIX &quot;Dettes du consommateur&quot; dans le Code de droit \u00e9conomique belge\" \/>\n<meta property=\"og:url\" content=\"https:\/\/www.daldewolf.com\/fr\/retards-de-paiements-b2c-vos-conditions-generales-sont-elles-en-regle\/\" \/>\n<meta property=\"og:site_name\" content=\"DALDEWOLF\" \/>\n<meta property=\"article:published_time\" content=\"2023-09-01T13:24:33+00:00\" \/>\n<meta property=\"article:modified_time\" content=\"2023-09-01T14:03:57+00:00\" \/>\n<meta property=\"og:image\" content=\"https:\/\/www.daldewolf.com\/wp-content\/uploads\/2023\/09\/20230901-DBO-Loi-retard-paiements-B2C.png\" \/>\n\t<meta property=\"og:image:width\" content=\"1200\" \/>\n\t<meta property=\"og:image:height\" content=\"628\" \/>\n\t<meta property=\"og:image:type\" content=\"image\/png\" \/>\n<meta name=\"author\" content=\"Daldewolf-MathieuMaes\" \/>\n<meta name=\"twitter:card\" content=\"summary_large_image\" \/>\n<meta name=\"twitter:label1\" content=\"\u00c9crit par\" \/>\n\t<meta name=\"twitter:data1\" content=\"Daldewolf-MathieuMaes\" \/>\n\t<meta name=\"twitter:label2\" content=\"Dur\u00e9e de lecture estim\u00e9e\" \/>\n\t<meta name=\"twitter:data2\" content=\"4 minutes\" \/>\n<script type=\"application\/ld+json\" class=\"yoast-schema-graph\">{\"@context\":\"https:\\\/\\\/schema.org\",\"@graph\":[{\"@type\":\"Article\",\"@id\":\"https:\\\/\\\/www.daldewolf.com\\\/fr\\\/retards-de-paiements-b2c-vos-conditions-generales-sont-elles-en-regle\\\/#article\",\"isPartOf\":{\"@id\":\"https:\\\/\\\/www.daldewolf.com\\\/fr\\\/retards-de-paiements-b2c-vos-conditions-generales-sont-elles-en-regle\\\/\"},\"author\":{\"name\":\"Daldewolf-MathieuMaes\",\"@id\":\"https:\\\/\\\/www.daldewolf.com\\\/nl\\\/#\\\/schema\\\/person\\\/e3f911046ea6ce16d864e88be3452d83\"},\"headline\":\"Retards de paiements B2C : vos conditions g\u00e9n\u00e9rales sont-elles en r\u00e8gle?\",\"datePublished\":\"2023-09-01T13:24:33+00:00\",\"dateModified\":\"2023-09-01T14:03:57+00:00\",\"mainEntityOfPage\":{\"@id\":\"https:\\\/\\\/www.daldewolf.com\\\/fr\\\/retards-de-paiements-b2c-vos-conditions-generales-sont-elles-en-regle\\\/\"},\"wordCount\":807,\"publisher\":{\"@id\":\"https:\\\/\\\/www.daldewolf.com\\\/nl\\\/#organization\"},\"image\":{\"@id\":\"https:\\\/\\\/www.daldewolf.com\\\/fr\\\/retards-de-paiements-b2c-vos-conditions-generales-sont-elles-en-regle\\\/#primaryimage\"},\"thumbnailUrl\":\"https:\\\/\\\/www.daldewolf.com\\\/wp-content\\\/uploads\\\/2023\\\/09\\\/20230901-DBO-Loi-retard-paiements-B2C.png\",\"articleSection\":[\"knowhow\"],\"inLanguage\":\"fr-FR\"},{\"@type\":\"WebPage\",\"@id\":\"https:\\\/\\\/www.daldewolf.com\\\/fr\\\/retards-de-paiements-b2c-vos-conditions-generales-sont-elles-en-regle\\\/\",\"url\":\"https:\\\/\\\/www.daldewolf.com\\\/fr\\\/retards-de-paiements-b2c-vos-conditions-generales-sont-elles-en-regle\\\/\",\"name\":\"Retards de paiements B2C : vos conditions g\u00e9n\u00e9rales sont-elles en r\u00e8gle? - DALDEWOLF\",\"isPartOf\":{\"@id\":\"https:\\\/\\\/www.daldewolf.com\\\/nl\\\/#website\"},\"primaryImageOfPage\":{\"@id\":\"https:\\\/\\\/www.daldewolf.com\\\/fr\\\/retards-de-paiements-b2c-vos-conditions-generales-sont-elles-en-regle\\\/#primaryimage\"},\"image\":{\"@id\":\"https:\\\/\\\/www.daldewolf.com\\\/fr\\\/retards-de-paiements-b2c-vos-conditions-generales-sont-elles-en-regle\\\/#primaryimage\"},\"thumbnailUrl\":\"https:\\\/\\\/www.daldewolf.com\\\/wp-content\\\/uploads\\\/2023\\\/09\\\/20230901-DBO-Loi-retard-paiements-B2C.png\",\"datePublished\":\"2023-09-01T13:24:33+00:00\",\"dateModified\":\"2023-09-01T14:03:57+00:00\",\"description\":\"Loi du 4 mai 2023 portant insertion du livre XIX \\\"Dettes du consommateur\\\" dans le Code de droit \u00e9conomique belge\",\"breadcrumb\":{\"@id\":\"https:\\\/\\\/www.daldewolf.com\\\/fr\\\/retards-de-paiements-b2c-vos-conditions-generales-sont-elles-en-regle\\\/#breadcrumb\"},\"inLanguage\":\"fr-FR\",\"potentialAction\":[{\"@type\":\"ReadAction\",\"target\":[\"https:\\\/\\\/www.daldewolf.com\\\/fr\\\/retards-de-paiements-b2c-vos-conditions-generales-sont-elles-en-regle\\\/\"]}]},{\"@type\":\"ImageObject\",\"inLanguage\":\"fr-FR\",\"@id\":\"https:\\\/\\\/www.daldewolf.com\\\/fr\\\/retards-de-paiements-b2c-vos-conditions-generales-sont-elles-en-regle\\\/#primaryimage\",\"url\":\"https:\\\/\\\/www.daldewolf.com\\\/wp-content\\\/uploads\\\/2023\\\/09\\\/20230901-DBO-Loi-retard-paiements-B2C.png\",\"contentUrl\":\"https:\\\/\\\/www.daldewolf.com\\\/wp-content\\\/uploads\\\/2023\\\/09\\\/20230901-DBO-Loi-retard-paiements-B2C.png\",\"width\":1200,\"height\":628},{\"@type\":\"BreadcrumbList\",\"@id\":\"https:\\\/\\\/www.daldewolf.com\\\/fr\\\/retards-de-paiements-b2c-vos-conditions-generales-sont-elles-en-regle\\\/#breadcrumb\",\"itemListElement\":[{\"@type\":\"ListItem\",\"position\":1,\"name\":\"Home\",\"item\":\"https:\\\/\\\/www.daldewolf.com\\\/fr\\\/\"},{\"@type\":\"ListItem\",\"position\":2,\"name\":\"Retards de paiements B2C : vos conditions g\u00e9n\u00e9rales sont-elles en r\u00e8gle?\"}]},{\"@type\":\"WebSite\",\"@id\":\"https:\\\/\\\/www.daldewolf.com\\\/nl\\\/#website\",\"url\":\"https:\\\/\\\/www.daldewolf.com\\\/nl\\\/\",\"name\":\"DALDEWOLF\",\"description\":\"Independant Law firm, Since 1958.\",\"publisher\":{\"@id\":\"https:\\\/\\\/www.daldewolf.com\\\/nl\\\/#organization\"},\"potentialAction\":[{\"@type\":\"SearchAction\",\"target\":{\"@type\":\"EntryPoint\",\"urlTemplate\":\"https:\\\/\\\/www.daldewolf.com\\\/nl\\\/?s={search_term_string}\"},\"query-input\":{\"@type\":\"PropertyValueSpecification\",\"valueRequired\":true,\"valueName\":\"search_term_string\"}}],\"inLanguage\":\"fr-FR\"},{\"@type\":\"Organization\",\"@id\":\"https:\\\/\\\/www.daldewolf.com\\\/nl\\\/#organization\",\"name\":\"DALDEWOLF\",\"url\":\"https:\\\/\\\/www.daldewolf.com\\\/nl\\\/\",\"logo\":{\"@type\":\"ImageObject\",\"inLanguage\":\"fr-FR\",\"@id\":\"https:\\\/\\\/www.daldewolf.com\\\/nl\\\/#\\\/schema\\\/logo\\\/image\\\/\",\"url\":\"https:\\\/\\\/www.daldewolf.com\\\/wp-content\\\/uploads\\\/2020\\\/05\\\/Logo-Daldewolf.png\",\"contentUrl\":\"https:\\\/\\\/www.daldewolf.com\\\/wp-content\\\/uploads\\\/2020\\\/05\\\/Logo-Daldewolf.png\",\"width\":320,\"height\":40,\"caption\":\"DALDEWOLF\"},\"image\":{\"@id\":\"https:\\\/\\\/www.daldewolf.com\\\/nl\\\/#\\\/schema\\\/logo\\\/image\\\/\"},\"sameAs\":[\"https:\\\/\\\/www.linkedin.com\\\/company\\\/10193320\"]},{\"@type\":\"Person\",\"@id\":\"https:\\\/\\\/www.daldewolf.com\\\/nl\\\/#\\\/schema\\\/person\\\/e3f911046ea6ce16d864e88be3452d83\",\"name\":\"Daldewolf-MathieuMaes\",\"image\":{\"@type\":\"ImageObject\",\"inLanguage\":\"fr-FR\",\"@id\":\"https:\\\/\\\/secure.gravatar.com\\\/avatar\\\/18f233dd88ab6bb96eecae41ac8cc5e3c24977d2c37825f063d12c83acaf0f69?s=96&d=mm&r=g\",\"url\":\"https:\\\/\\\/secure.gravatar.com\\\/avatar\\\/18f233dd88ab6bb96eecae41ac8cc5e3c24977d2c37825f063d12c83acaf0f69?s=96&d=mm&r=g\",\"contentUrl\":\"https:\\\/\\\/secure.gravatar.com\\\/avatar\\\/18f233dd88ab6bb96eecae41ac8cc5e3c24977d2c37825f063d12c83acaf0f69?s=96&d=mm&r=g\",\"caption\":\"Daldewolf-MathieuMaes\"},\"url\":\"https:\\\/\\\/www.daldewolf.com\\\/fr\\\/author\\\/daldewolf-mathieumaes\\\/\"}]}<\/script>\n<!-- \/ Yoast SEO plugin. -->","yoast_head_json":{"title":"Retards de paiements B2C : vos conditions g\u00e9n\u00e9rales sont-elles en r\u00e8gle? - DALDEWOLF","description":"Loi du 4 mai 2023 portant insertion du livre XIX \"Dettes du consommateur\" dans le Code de droit \u00e9conomique belge","robots":{"index":"index","follow":"follow","max-snippet":"max-snippet:-1","max-image-preview":"max-image-preview:large","max-video-preview":"max-video-preview:-1"},"canonical":"https:\/\/www.daldewolf.com\/fr\/retards-de-paiements-b2c-vos-conditions-generales-sont-elles-en-regle\/","og_locale":"fr_FR","og_type":"article","og_title":"Retards de paiements B2C : vos conditions g\u00e9n\u00e9rales sont-elles en r\u00e8gle? - DALDEWOLF","og_description":"Loi du 4 mai 2023 portant insertion du livre XIX \"Dettes du consommateur\" dans le Code de droit \u00e9conomique belge","og_url":"https:\/\/www.daldewolf.com\/fr\/retards-de-paiements-b2c-vos-conditions-generales-sont-elles-en-regle\/","og_site_name":"DALDEWOLF","article_published_time":"2023-09-01T13:24:33+00:00","article_modified_time":"2023-09-01T14:03:57+00:00","og_image":[{"width":1200,"height":628,"url":"https:\/\/www.daldewolf.com\/wp-content\/uploads\/2023\/09\/20230901-DBO-Loi-retard-paiements-B2C.png","type":"image\/png"}],"author":"Daldewolf-MathieuMaes","twitter_card":"summary_large_image","twitter_misc":{"\u00c9crit par":"Daldewolf-MathieuMaes","Dur\u00e9e de lecture estim\u00e9e":"4 minutes"},"schema":{"@context":"https:\/\/schema.org","@graph":[{"@type":"Article","@id":"https:\/\/www.daldewolf.com\/fr\/retards-de-paiements-b2c-vos-conditions-generales-sont-elles-en-regle\/#article","isPartOf":{"@id":"https:\/\/www.daldewolf.com\/fr\/retards-de-paiements-b2c-vos-conditions-generales-sont-elles-en-regle\/"},"author":{"name":"Daldewolf-MathieuMaes","@id":"https:\/\/www.daldewolf.com\/nl\/#\/schema\/person\/e3f911046ea6ce16d864e88be3452d83"},"headline":"Retards de paiements B2C : vos conditions g\u00e9n\u00e9rales sont-elles en r\u00e8gle?","datePublished":"2023-09-01T13:24:33+00:00","dateModified":"2023-09-01T14:03:57+00:00","mainEntityOfPage":{"@id":"https:\/\/www.daldewolf.com\/fr\/retards-de-paiements-b2c-vos-conditions-generales-sont-elles-en-regle\/"},"wordCount":807,"publisher":{"@id":"https:\/\/www.daldewolf.com\/nl\/#organization"},"image":{"@id":"https:\/\/www.daldewolf.com\/fr\/retards-de-paiements-b2c-vos-conditions-generales-sont-elles-en-regle\/#primaryimage"},"thumbnailUrl":"https:\/\/www.daldewolf.com\/wp-content\/uploads\/2023\/09\/20230901-DBO-Loi-retard-paiements-B2C.png","articleSection":["knowhow"],"inLanguage":"fr-FR"},{"@type":"WebPage","@id":"https:\/\/www.daldewolf.com\/fr\/retards-de-paiements-b2c-vos-conditions-generales-sont-elles-en-regle\/","url":"https:\/\/www.daldewolf.com\/fr\/retards-de-paiements-b2c-vos-conditions-generales-sont-elles-en-regle\/","name":"Retards de paiements B2C : vos conditions g\u00e9n\u00e9rales sont-elles en r\u00e8gle? - DALDEWOLF","isPartOf":{"@id":"https:\/\/www.daldewolf.com\/nl\/#website"},"primaryImageOfPage":{"@id":"https:\/\/www.daldewolf.com\/fr\/retards-de-paiements-b2c-vos-conditions-generales-sont-elles-en-regle\/#primaryimage"},"image":{"@id":"https:\/\/www.daldewolf.com\/fr\/retards-de-paiements-b2c-vos-conditions-generales-sont-elles-en-regle\/#primaryimage"},"thumbnailUrl":"https:\/\/www.daldewolf.com\/wp-content\/uploads\/2023\/09\/20230901-DBO-Loi-retard-paiements-B2C.png","datePublished":"2023-09-01T13:24:33+00:00","dateModified":"2023-09-01T14:03:57+00:00","description":"Loi du 4 mai 2023 portant insertion du livre XIX \"Dettes du consommateur\" dans le Code de droit \u00e9conomique belge","breadcrumb":{"@id":"https:\/\/www.daldewolf.com\/fr\/retards-de-paiements-b2c-vos-conditions-generales-sont-elles-en-regle\/#breadcrumb"},"inLanguage":"fr-FR","potentialAction":[{"@type":"ReadAction","target":["https:\/\/www.daldewolf.com\/fr\/retards-de-paiements-b2c-vos-conditions-generales-sont-elles-en-regle\/"]}]},{"@type":"ImageObject","inLanguage":"fr-FR","@id":"https:\/\/www.daldewolf.com\/fr\/retards-de-paiements-b2c-vos-conditions-generales-sont-elles-en-regle\/#primaryimage","url":"https:\/\/www.daldewolf.com\/wp-content\/uploads\/2023\/09\/20230901-DBO-Loi-retard-paiements-B2C.png","contentUrl":"https:\/\/www.daldewolf.com\/wp-content\/uploads\/2023\/09\/20230901-DBO-Loi-retard-paiements-B2C.png","width":1200,"height":628},{"@type":"BreadcrumbList","@id":"https:\/\/www.daldewolf.com\/fr\/retards-de-paiements-b2c-vos-conditions-generales-sont-elles-en-regle\/#breadcrumb","itemListElement":[{"@type":"ListItem","position":1,"name":"Home","item":"https:\/\/www.daldewolf.com\/fr\/"},{"@type":"ListItem","position":2,"name":"Retards de paiements B2C : vos conditions g\u00e9n\u00e9rales sont-elles en r\u00e8gle?"}]},{"@type":"WebSite","@id":"https:\/\/www.daldewolf.com\/nl\/#website","url":"https:\/\/www.daldewolf.com\/nl\/","name":"DALDEWOLF","description":"Independant Law firm, Since 1958.","publisher":{"@id":"https:\/\/www.daldewolf.com\/nl\/#organization"},"potentialAction":[{"@type":"SearchAction","target":{"@type":"EntryPoint","urlTemplate":"https:\/\/www.daldewolf.com\/nl\/?s={search_term_string}"},"query-input":{"@type":"PropertyValueSpecification","valueRequired":true,"valueName":"search_term_string"}}],"inLanguage":"fr-FR"},{"@type":"Organization","@id":"https:\/\/www.daldewolf.com\/nl\/#organization","name":"DALDEWOLF","url":"https:\/\/www.daldewolf.com\/nl\/","logo":{"@type":"ImageObject","inLanguage":"fr-FR","@id":"https:\/\/www.daldewolf.com\/nl\/#\/schema\/logo\/image\/","url":"https:\/\/www.daldewolf.com\/wp-content\/uploads\/2020\/05\/Logo-Daldewolf.png","contentUrl":"https:\/\/www.daldewolf.com\/wp-content\/uploads\/2020\/05\/Logo-Daldewolf.png","width":320,"height":40,"caption":"DALDEWOLF"},"image":{"@id":"https:\/\/www.daldewolf.com\/nl\/#\/schema\/logo\/image\/"},"sameAs":["https:\/\/www.linkedin.com\/company\/10193320"]},{"@type":"Person","@id":"https:\/\/www.daldewolf.com\/nl\/#\/schema\/person\/e3f911046ea6ce16d864e88be3452d83","name":"Daldewolf-MathieuMaes","image":{"@type":"ImageObject","inLanguage":"fr-FR","@id":"https:\/\/secure.gravatar.com\/avatar\/18f233dd88ab6bb96eecae41ac8cc5e3c24977d2c37825f063d12c83acaf0f69?s=96&d=mm&r=g","url":"https:\/\/secure.gravatar.com\/avatar\/18f233dd88ab6bb96eecae41ac8cc5e3c24977d2c37825f063d12c83acaf0f69?s=96&d=mm&r=g","contentUrl":"https:\/\/secure.gravatar.com\/avatar\/18f233dd88ab6bb96eecae41ac8cc5e3c24977d2c37825f063d12c83acaf0f69?s=96&d=mm&r=g","caption":"Daldewolf-MathieuMaes"},"url":"https:\/\/www.daldewolf.com\/fr\/author\/daldewolf-mathieumaes\/"}]}},"_links":{"self":[{"href":"https:\/\/www.daldewolf.com\/fr\/wp-json\/wp\/v2\/posts\/12111","targetHints":{"allow":["GET"]}}],"collection":[{"href":"https:\/\/www.daldewolf.com\/fr\/wp-json\/wp\/v2\/posts"}],"about":[{"href":"https:\/\/www.daldewolf.com\/fr\/wp-json\/wp\/v2\/types\/post"}],"author":[{"embeddable":true,"href":"https:\/\/www.daldewolf.com\/fr\/wp-json\/wp\/v2\/users\/5"}],"replies":[{"embeddable":true,"href":"https:\/\/www.daldewolf.com\/fr\/wp-json\/wp\/v2\/comments?post=12111"}],"version-history":[{"count":0,"href":"https:\/\/www.daldewolf.com\/fr\/wp-json\/wp\/v2\/posts\/12111\/revisions"}],"wp:featuredmedia":[{"embeddable":true,"href":"https:\/\/www.daldewolf.com\/fr\/wp-json\/wp\/v2\/media\/12112"}],"wp:attachment":[{"href":"https:\/\/www.daldewolf.com\/fr\/wp-json\/wp\/v2\/media?parent=12111"}],"wp:term":[{"taxonomy":"category","embeddable":true,"href":"https:\/\/www.daldewolf.com\/fr\/wp-json\/wp\/v2\/categories?post=12111"},{"taxonomy":"post_tag","embeddable":true,"href":"https:\/\/www.daldewolf.com\/fr\/wp-json\/wp\/v2\/tags?post=12111"}],"curies":[{"name":"wp","href":"https:\/\/api.w.org\/{rel}","templated":true}]}}