{"id":11763,"date":"2023-07-13T16:45:35","date_gmt":"2023-07-13T15:45:35","guid":{"rendered":"https:\/\/www.daldewolf.com\/?p=11763"},"modified":"2023-08-10T17:06:42","modified_gmt":"2023-08-10T16:06:42","slug":"the-officil-n-86-juin-2023","status":"publish","type":"post","link":"https:\/\/www.daldewolf.com\/fr\/the-officil-n-86-juin-2023\/","title":{"rendered":"The OFFICI@L \u2013 n\u00b0 86 \u2013 juin 2023"},"content":{"rendered":"<p><strong>The OFFICI@L \u2013 n\u00b0 86\u00a0 \u2013 juin 2023, notre newsletter d\u00e9di\u00e9e aux fonctionnaires de l\u2019Union europ\u00e9enne, vient de para\u00eetre. Elle est disponible tant en fran\u00e7ais qu\u2019en anglais.<\/strong><\/p>\n<p><img loading=\"lazy\" decoding=\"async\" class=\"wp-image-11764 size-full alignright\" src=\"https:\/\/www.daldewolf.com\/wp-content\/uploads\/2023\/07\/20230713-LOfficiel-FR-202306-86-img.png\" alt=\"\" width=\"300\" height=\"300\" srcset=\"https:\/\/www.daldewolf.com\/wp-content\/uploads\/2023\/07\/20230713-LOfficiel-FR-202306-86-img.png 300w, https:\/\/www.daldewolf.com\/wp-content\/uploads\/2023\/07\/20230713-LOfficiel-FR-202306-86-img-150x150.png 150w\" sizes=\"auto, (max-width: 300px) 100vw, 300px\" \/><\/p>\n<p>Au programme de ce num\u00e9ro de juin :<\/p>\n<p>-&gt; Focus : le droit \u00e0 l\u2019assistance<\/p>\n<p>-&gt; Jurisprudence : octroi de la pension d\u2019orphelin \u00e0 un enfant atteint d\u2019une maladie grave ou d\u2019une infirmit\u00e9<\/p>\n<p>-&gt; Droit de la famille : la notion de r\u00e9sidence habituelle et son impact dans la d\u00e9termination de la comp\u00e9tence et\/ou de la loi applicable<\/p>\n<p>Jetez-y un coup d\u2019\u0153il !<\/p>\n<p><a href=\"https:\/\/www.daldewolf.com\/wp-content\/uploads\/2023\/07\/20230713-LOfficiel-202306-86-FR.pdf\" target=\"_blank\" rel=\"noopener\"><img loading=\"lazy\" decoding=\"async\" class=\"alignnone wp-image-11747 size-medium\" src=\"https:\/\/www.daldewolf.com\/wp-content\/uploads\/2023\/07\/20230713-LOfficiel-FR-202306-86-212x300.png\" alt=\"\" width=\"212\" height=\"300\" srcset=\"https:\/\/www.daldewolf.com\/wp-content\/uploads\/2023\/07\/20230713-LOfficiel-FR-202306-86-212x300.png 212w, https:\/\/www.daldewolf.com\/wp-content\/uploads\/2023\/07\/20230713-LOfficiel-FR-202306-86.png 639w\" sizes=\"auto, (max-width: 212px) 100vw, 212px\" \/><\/a><\/p>\n<p><a href=\"https:\/\/www.daldewolf.com\/wp-content\/uploads\/2023\/07\/20230713-LOfficiel-202306-86-FR.pdf\" target=\"_blank\" rel=\"noopener\">T\u00e9l\u00e9charger the OFFICI@L &#8211; n\u00b086 &#8211; juin 2023<\/a><\/p>\n<h3>\u00c9DITO de la newsletter the OFFICI@L &#8211; n\u00b086 &#8211; juin 2023<\/h3>\n<p style=\"padding-left: 40px;\"><em>Chers lecteurs,<\/em><\/p>\n<p style=\"padding-left: 40px;\"><em>Notre dernier num\u00e9ro avant les vacances d\u2019\u00e9t\u00e9 est consacr\u00e9 au droit \u00e0 l\u2019assistance, ainsi qu\u2019\u00e0 l\u2019analyse de l\u2019octroi de la pension \u00e0 un orphelin atteint d\u2019une maladie grave ou d\u2019infirmit\u00e9, parue dans un r\u00e9cent arr\u00eat du Tribunal de l\u2019Union europ\u00e9enne.<\/em><\/p>\n<p style=\"padding-left: 40px;\"><em>Dans notre rubrique \u00ab Droit de la famille \u00bb, nous aborderons la notion de r\u00e9sidence habituelle et son impact dans la d\u00e9termination de la comp\u00e9tence et\/ou de la loi applicable.<\/em><\/p>\n<p style=\"padding-left: 40px;\"><em>Rappelez-vous, cette newsletter est aussi la v\u00f4tre et nous sommes ouverts \u00e0 toutes vos suggestions pour nos prochains num\u00e9ros. Contactez-nous sur la pr\u00e9sente adresse mail : theofficial@daldewolf.com<\/em><\/p>\n<p style=\"padding-left: 40px;\"><em>Nous vous souhaitons une tr\u00e8s bonne lecture et des excellentes vacances !<\/em><\/p>\n<p style=\"padding-left: 40px;\"><em>L\u2019\u00e9quipe DALDEWOLF<\/em><\/p>\n<p>the OFFICI@L est une publication de l\u2019\u00e9quipe <a href=\"https:\/\/www.daldewolf.com\/expertise\/pratiques\/droit-europeen-et-concurrence\/\">droit europ\u00e9en et concurrence<\/a> du cabinet DALDEWOLF, sp\u00e9cialiste de la <a href=\"https:\/\/www.daldewolf.com\/expertise\/secteurs\/fonction-publique-europeenne-et-internationale\/\">fonction publique europ\u00e9enne et internationale<\/a>. Ont particip\u00e9 \u00e0 la r\u00e9daction de ce num\u00e9ro de mars 2023 :<\/p>\n<ul>\n<li><a href=\"https:\/\/www.daldewolf.com\/equipe\/thierry-bontinck\/\">Thierry BONTINCK<\/a>,<\/li>\n<li><a href=\"https:\/\/www.daldewolf.com\/equipe\/anais-guillerme\/\">Ana\u00efs GUILLERME<\/a>,<\/li>\n<li><a href=\"https:\/\/www.daldewolf.com\/equipe\/marianne-bresart\/\">Marianne BR\u00c9SART<\/a>,<\/li>\n<li><a href=\"https:\/\/www.daldewolf.com\/equipe\/lauren-burguin\/\">Lauren BURGUIN<\/a>,<\/li>\n<li><a href=\"https:\/\/www.daldewolf.com\/equipe\/wadii_miftah\/\">Wadii MIFTAH<\/a>,<\/li>\n<li>et\u00a0 <a href=\"https:\/\/www.perspectives.legal\/equipe\/candice-fastrez.htm\" target=\"_blank\" rel=\"noopener\">Candice FASTREZ<\/a> du cabinet PERSPECTIVES pour la rubrique en droit de la famille.<\/li>\n<\/ul>\n<p>the OFFICI@L est une newsletter publi\u00e9e en collaboration avec <a href=\"https:\/\/renouveau-democratie.eu\/fr\/\">Renouveau et D\u00e9mocratie<\/a><\/p>\n","protected":false},"excerpt":{"rendered":"<p>The OFFICI@L \u2013 n\u00b0 86\u00a0 \u2013 juin 2023, notre newsletter d\u00e9di\u00e9e aux fonctionnaires de l\u2019Union europ\u00e9enne, vient de para\u00eetre. Elle est disponible tant en fran\u00e7ais qu\u2019en anglais. Au programme de ce num\u00e9ro de juin : -&gt; Focus : le droit \u00e0 l\u2019assistance -&gt; Jurisprudence : octroi de la pension d\u2019orphelin \u00e0 un enfant atteint d\u2019une&#8230;<\/p>\n","protected":false},"author":5,"featured_media":11764,"comment_status":"closed","ping_status":"closed","sticky":false,"template":"","format":"standard","meta":{"_acf_changed":false,"footnotes":""},"categories":[44,58],"tags":[],"class_list":["post-11763","post","type-post","status-publish","format-standard","has-post-thumbnail","hentry","category-knowhow","category-news"],"acf":[],"yoast_head":"<!-- This site is optimized with the Yoast SEO plugin v27.4 - https:\/\/yoast.com\/product\/yoast-seo-wordpress\/ -->\n<title>The OFFICI@L \u2013 n\u00b0 86 \u2013 juin 2023 - DALDEWOLF<\/title>\n<meta name=\"description\" content=\"Notre dernier num\u00e9ro avant les vacances d\u2019\u00e9t\u00e9 est consacr\u00e9 au droit \u00e0 l\u2019assistance, ainsi qu\u2019\u00e0 l\u2019analyse de l\u2019octroi de la pension \u00e0 un orphelin atteint d\u2019une maladie grave ou d\u2019infirmit\u00e9, parue dans un r\u00e9cent arr\u00eat du Tribunal de l\u2019Union europ\u00e9enne.\" \/>\n<meta name=\"robots\" content=\"index, follow, max-snippet:-1, max-image-preview:large, max-video-preview:-1\" \/>\n<link rel=\"canonical\" href=\"https:\/\/www.daldewolf.com\/fr\/the-officil-n-86-juin-2023\/\" \/>\n<meta property=\"og:locale\" content=\"fr_FR\" \/>\n<meta property=\"og:type\" content=\"article\" \/>\n<meta property=\"og:title\" content=\"The OFFICI@L \u2013 n\u00b0 86 \u2013 juin 2023 - DALDEWOLF\" \/>\n<meta property=\"og:description\" content=\"Notre dernier num\u00e9ro avant les vacances d\u2019\u00e9t\u00e9 est consacr\u00e9 au droit \u00e0 l\u2019assistance, ainsi qu\u2019\u00e0 l\u2019analyse de l\u2019octroi de la pension \u00e0 un orphelin atteint d\u2019une maladie grave ou d\u2019infirmit\u00e9, parue dans un r\u00e9cent arr\u00eat du Tribunal de l\u2019Union europ\u00e9enne.\" \/>\n<meta property=\"og:url\" content=\"https:\/\/www.daldewolf.com\/fr\/the-officil-n-86-juin-2023\/\" \/>\n<meta property=\"og:site_name\" content=\"DALDEWOLF\" \/>\n<meta property=\"article:published_time\" content=\"2023-07-13T15:45:35+00:00\" \/>\n<meta property=\"article:modified_time\" content=\"2023-08-10T16:06:42+00:00\" \/>\n<meta property=\"og:image\" content=\"https:\/\/www.daldewolf.com\/wp-content\/uploads\/2023\/07\/20230713-LOfficiel-FR-202306-86-img.png\" \/>\n\t<meta property=\"og:image:width\" content=\"300\" \/>\n\t<meta property=\"og:image:height\" content=\"300\" \/>\n\t<meta property=\"og:image:type\" content=\"image\/png\" \/>\n<meta name=\"author\" content=\"Daldewolf-MathieuMaes\" \/>\n<meta name=\"twitter:card\" content=\"summary_large_image\" \/>\n<meta name=\"twitter:label1\" content=\"\u00c9crit par\" \/>\n\t<meta name=\"twitter:data1\" content=\"Daldewolf-MathieuMaes\" \/>\n\t<meta name=\"twitter:label2\" content=\"Dur\u00e9e de lecture estim\u00e9e\" \/>\n\t<meta name=\"twitter:data2\" content=\"2 minutes\" \/>\n<script type=\"application\/ld+json\" class=\"yoast-schema-graph\">{\"@context\":\"https:\\\/\\\/schema.org\",\"@graph\":[{\"@type\":\"Article\",\"@id\":\"https:\\\/\\\/www.daldewolf.com\\\/fr\\\/the-officil-n-86-juin-2023\\\/#article\",\"isPartOf\":{\"@id\":\"https:\\\/\\\/www.daldewolf.com\\\/fr\\\/the-officil-n-86-juin-2023\\\/\"},\"author\":{\"name\":\"Daldewolf-MathieuMaes\",\"@id\":\"https:\\\/\\\/www.daldewolf.com\\\/nl\\\/#\\\/schema\\\/person\\\/e3f911046ea6ce16d864e88be3452d83\"},\"headline\":\"The OFFICI@L \u2013 n\u00b0 86 \u2013 juin 2023\",\"datePublished\":\"2023-07-13T15:45:35+00:00\",\"dateModified\":\"2023-08-10T16:06:42+00:00\",\"mainEntityOfPage\":{\"@id\":\"https:\\\/\\\/www.daldewolf.com\\\/fr\\\/the-officil-n-86-juin-2023\\\/\"},\"wordCount\":333,\"publisher\":{\"@id\":\"https:\\\/\\\/www.daldewolf.com\\\/nl\\\/#organization\"},\"image\":{\"@id\":\"https:\\\/\\\/www.daldewolf.com\\\/fr\\\/the-officil-n-86-juin-2023\\\/#primaryimage\"},\"thumbnailUrl\":\"https:\\\/\\\/www.daldewolf.com\\\/wp-content\\\/uploads\\\/2023\\\/07\\\/20230713-LOfficiel-FR-202306-86-img.png\",\"articleSection\":[\"knowhow\",\"news\"],\"inLanguage\":\"fr-FR\"},{\"@type\":\"WebPage\",\"@id\":\"https:\\\/\\\/www.daldewolf.com\\\/fr\\\/the-officil-n-86-juin-2023\\\/\",\"url\":\"https:\\\/\\\/www.daldewolf.com\\\/fr\\\/the-officil-n-86-juin-2023\\\/\",\"name\":\"The OFFICI@L \u2013 n\u00b0 86 \u2013 juin 2023 - DALDEWOLF\",\"isPartOf\":{\"@id\":\"https:\\\/\\\/www.daldewolf.com\\\/nl\\\/#website\"},\"primaryImageOfPage\":{\"@id\":\"https:\\\/\\\/www.daldewolf.com\\\/fr\\\/the-officil-n-86-juin-2023\\\/#primaryimage\"},\"image\":{\"@id\":\"https:\\\/\\\/www.daldewolf.com\\\/fr\\\/the-officil-n-86-juin-2023\\\/#primaryimage\"},\"thumbnailUrl\":\"https:\\\/\\\/www.daldewolf.com\\\/wp-content\\\/uploads\\\/2023\\\/07\\\/20230713-LOfficiel-FR-202306-86-img.png\",\"datePublished\":\"2023-07-13T15:45:35+00:00\",\"dateModified\":\"2023-08-10T16:06:42+00:00\",\"description\":\"Notre dernier num\u00e9ro avant les vacances d\u2019\u00e9t\u00e9 est consacr\u00e9 au droit \u00e0 l\u2019assistance, ainsi qu\u2019\u00e0 l\u2019analyse de l\u2019octroi de la pension \u00e0 un orphelin atteint d\u2019une maladie grave ou d\u2019infirmit\u00e9, parue dans un r\u00e9cent arr\u00eat du Tribunal de l\u2019Union europ\u00e9enne.\",\"breadcrumb\":{\"@id\":\"https:\\\/\\\/www.daldewolf.com\\\/fr\\\/the-officil-n-86-juin-2023\\\/#breadcrumb\"},\"inLanguage\":\"fr-FR\",\"potentialAction\":[{\"@type\":\"ReadAction\",\"target\":[\"https:\\\/\\\/www.daldewolf.com\\\/fr\\\/the-officil-n-86-juin-2023\\\/\"]}]},{\"@type\":\"ImageObject\",\"inLanguage\":\"fr-FR\",\"@id\":\"https:\\\/\\\/www.daldewolf.com\\\/fr\\\/the-officil-n-86-juin-2023\\\/#primaryimage\",\"url\":\"https:\\\/\\\/www.daldewolf.com\\\/wp-content\\\/uploads\\\/2023\\\/07\\\/20230713-LOfficiel-FR-202306-86-img.png\",\"contentUrl\":\"https:\\\/\\\/www.daldewolf.com\\\/wp-content\\\/uploads\\\/2023\\\/07\\\/20230713-LOfficiel-FR-202306-86-img.png\",\"width\":300,\"height\":300},{\"@type\":\"BreadcrumbList\",\"@id\":\"https:\\\/\\\/www.daldewolf.com\\\/fr\\\/the-officil-n-86-juin-2023\\\/#breadcrumb\",\"itemListElement\":[{\"@type\":\"ListItem\",\"position\":1,\"name\":\"Home\",\"item\":\"https:\\\/\\\/www.daldewolf.com\\\/fr\\\/\"},{\"@type\":\"ListItem\",\"position\":2,\"name\":\"The OFFICI@L \u2013 n\u00b0 86 \u2013 juin 2023\"}]},{\"@type\":\"WebSite\",\"@id\":\"https:\\\/\\\/www.daldewolf.com\\\/nl\\\/#website\",\"url\":\"https:\\\/\\\/www.daldewolf.com\\\/nl\\\/\",\"name\":\"DALDEWOLF\",\"description\":\"Independant Law firm, Since 1958.\",\"publisher\":{\"@id\":\"https:\\\/\\\/www.daldewolf.com\\\/nl\\\/#organization\"},\"potentialAction\":[{\"@type\":\"SearchAction\",\"target\":{\"@type\":\"EntryPoint\",\"urlTemplate\":\"https:\\\/\\\/www.daldewolf.com\\\/nl\\\/?s={search_term_string}\"},\"query-input\":{\"@type\":\"PropertyValueSpecification\",\"valueRequired\":true,\"valueName\":\"search_term_string\"}}],\"inLanguage\":\"fr-FR\"},{\"@type\":\"Organization\",\"@id\":\"https:\\\/\\\/www.daldewolf.com\\\/nl\\\/#organization\",\"name\":\"DALDEWOLF\",\"url\":\"https:\\\/\\\/www.daldewolf.com\\\/nl\\\/\",\"logo\":{\"@type\":\"ImageObject\",\"inLanguage\":\"fr-FR\",\"@id\":\"https:\\\/\\\/www.daldewolf.com\\\/nl\\\/#\\\/schema\\\/logo\\\/image\\\/\",\"url\":\"https:\\\/\\\/www.daldewolf.com\\\/wp-content\\\/uploads\\\/2020\\\/05\\\/Logo-Daldewolf.png\",\"contentUrl\":\"https:\\\/\\\/www.daldewolf.com\\\/wp-content\\\/uploads\\\/2020\\\/05\\\/Logo-Daldewolf.png\",\"width\":320,\"height\":40,\"caption\":\"DALDEWOLF\"},\"image\":{\"@id\":\"https:\\\/\\\/www.daldewolf.com\\\/nl\\\/#\\\/schema\\\/logo\\\/image\\\/\"},\"sameAs\":[\"https:\\\/\\\/www.linkedin.com\\\/company\\\/10193320\"]},{\"@type\":\"Person\",\"@id\":\"https:\\\/\\\/www.daldewolf.com\\\/nl\\\/#\\\/schema\\\/person\\\/e3f911046ea6ce16d864e88be3452d83\",\"name\":\"Daldewolf-MathieuMaes\",\"image\":{\"@type\":\"ImageObject\",\"inLanguage\":\"fr-FR\",\"@id\":\"https:\\\/\\\/secure.gravatar.com\\\/avatar\\\/18f233dd88ab6bb96eecae41ac8cc5e3c24977d2c37825f063d12c83acaf0f69?s=96&d=mm&r=g\",\"url\":\"https:\\\/\\\/secure.gravatar.com\\\/avatar\\\/18f233dd88ab6bb96eecae41ac8cc5e3c24977d2c37825f063d12c83acaf0f69?s=96&d=mm&r=g\",\"contentUrl\":\"https:\\\/\\\/secure.gravatar.com\\\/avatar\\\/18f233dd88ab6bb96eecae41ac8cc5e3c24977d2c37825f063d12c83acaf0f69?s=96&d=mm&r=g\",\"caption\":\"Daldewolf-MathieuMaes\"},\"url\":\"https:\\\/\\\/www.daldewolf.com\\\/fr\\\/author\\\/daldewolf-mathieumaes\\\/\"}]}<\/script>\n<!-- \/ Yoast SEO plugin. -->","yoast_head_json":{"title":"The OFFICI@L \u2013 n\u00b0 86 \u2013 juin 2023 - DALDEWOLF","description":"Notre dernier num\u00e9ro avant les vacances d\u2019\u00e9t\u00e9 est consacr\u00e9 au droit \u00e0 l\u2019assistance, ainsi qu\u2019\u00e0 l\u2019analyse de l\u2019octroi de la pension \u00e0 un orphelin atteint d\u2019une maladie grave ou d\u2019infirmit\u00e9, parue dans un r\u00e9cent arr\u00eat du Tribunal de l\u2019Union europ\u00e9enne.","robots":{"index":"index","follow":"follow","max-snippet":"max-snippet:-1","max-image-preview":"max-image-preview:large","max-video-preview":"max-video-preview:-1"},"canonical":"https:\/\/www.daldewolf.com\/fr\/the-officil-n-86-juin-2023\/","og_locale":"fr_FR","og_type":"article","og_title":"The OFFICI@L \u2013 n\u00b0 86 \u2013 juin 2023 - DALDEWOLF","og_description":"Notre dernier num\u00e9ro avant les vacances d\u2019\u00e9t\u00e9 est consacr\u00e9 au droit \u00e0 l\u2019assistance, ainsi qu\u2019\u00e0 l\u2019analyse de l\u2019octroi de la pension \u00e0 un orphelin atteint d\u2019une maladie grave ou d\u2019infirmit\u00e9, parue dans un r\u00e9cent arr\u00eat du Tribunal de l\u2019Union europ\u00e9enne.","og_url":"https:\/\/www.daldewolf.com\/fr\/the-officil-n-86-juin-2023\/","og_site_name":"DALDEWOLF","article_published_time":"2023-07-13T15:45:35+00:00","article_modified_time":"2023-08-10T16:06:42+00:00","og_image":[{"width":300,"height":300,"url":"https:\/\/www.daldewolf.com\/wp-content\/uploads\/2023\/07\/20230713-LOfficiel-FR-202306-86-img.png","type":"image\/png"}],"author":"Daldewolf-MathieuMaes","twitter_card":"summary_large_image","twitter_misc":{"\u00c9crit par":"Daldewolf-MathieuMaes","Dur\u00e9e de lecture estim\u00e9e":"2 minutes"},"schema":{"@context":"https:\/\/schema.org","@graph":[{"@type":"Article","@id":"https:\/\/www.daldewolf.com\/fr\/the-officil-n-86-juin-2023\/#article","isPartOf":{"@id":"https:\/\/www.daldewolf.com\/fr\/the-officil-n-86-juin-2023\/"},"author":{"name":"Daldewolf-MathieuMaes","@id":"https:\/\/www.daldewolf.com\/nl\/#\/schema\/person\/e3f911046ea6ce16d864e88be3452d83"},"headline":"The OFFICI@L \u2013 n\u00b0 86 \u2013 juin 2023","datePublished":"2023-07-13T15:45:35+00:00","dateModified":"2023-08-10T16:06:42+00:00","mainEntityOfPage":{"@id":"https:\/\/www.daldewolf.com\/fr\/the-officil-n-86-juin-2023\/"},"wordCount":333,"publisher":{"@id":"https:\/\/www.daldewolf.com\/nl\/#organization"},"image":{"@id":"https:\/\/www.daldewolf.com\/fr\/the-officil-n-86-juin-2023\/#primaryimage"},"thumbnailUrl":"https:\/\/www.daldewolf.com\/wp-content\/uploads\/2023\/07\/20230713-LOfficiel-FR-202306-86-img.png","articleSection":["knowhow","news"],"inLanguage":"fr-FR"},{"@type":"WebPage","@id":"https:\/\/www.daldewolf.com\/fr\/the-officil-n-86-juin-2023\/","url":"https:\/\/www.daldewolf.com\/fr\/the-officil-n-86-juin-2023\/","name":"The OFFICI@L \u2013 n\u00b0 86 \u2013 juin 2023 - DALDEWOLF","isPartOf":{"@id":"https:\/\/www.daldewolf.com\/nl\/#website"},"primaryImageOfPage":{"@id":"https:\/\/www.daldewolf.com\/fr\/the-officil-n-86-juin-2023\/#primaryimage"},"image":{"@id":"https:\/\/www.daldewolf.com\/fr\/the-officil-n-86-juin-2023\/#primaryimage"},"thumbnailUrl":"https:\/\/www.daldewolf.com\/wp-content\/uploads\/2023\/07\/20230713-LOfficiel-FR-202306-86-img.png","datePublished":"2023-07-13T15:45:35+00:00","dateModified":"2023-08-10T16:06:42+00:00","description":"Notre dernier num\u00e9ro avant les vacances d\u2019\u00e9t\u00e9 est consacr\u00e9 au droit \u00e0 l\u2019assistance, ainsi qu\u2019\u00e0 l\u2019analyse de l\u2019octroi de la pension \u00e0 un orphelin atteint d\u2019une maladie grave ou d\u2019infirmit\u00e9, parue dans un r\u00e9cent arr\u00eat du Tribunal de l\u2019Union europ\u00e9enne.","breadcrumb":{"@id":"https:\/\/www.daldewolf.com\/fr\/the-officil-n-86-juin-2023\/#breadcrumb"},"inLanguage":"fr-FR","potentialAction":[{"@type":"ReadAction","target":["https:\/\/www.daldewolf.com\/fr\/the-officil-n-86-juin-2023\/"]}]},{"@type":"ImageObject","inLanguage":"fr-FR","@id":"https:\/\/www.daldewolf.com\/fr\/the-officil-n-86-juin-2023\/#primaryimage","url":"https:\/\/www.daldewolf.com\/wp-content\/uploads\/2023\/07\/20230713-LOfficiel-FR-202306-86-img.png","contentUrl":"https:\/\/www.daldewolf.com\/wp-content\/uploads\/2023\/07\/20230713-LOfficiel-FR-202306-86-img.png","width":300,"height":300},{"@type":"BreadcrumbList","@id":"https:\/\/www.daldewolf.com\/fr\/the-officil-n-86-juin-2023\/#breadcrumb","itemListElement":[{"@type":"ListItem","position":1,"name":"Home","item":"https:\/\/www.daldewolf.com\/fr\/"},{"@type":"ListItem","position":2,"name":"The OFFICI@L \u2013 n\u00b0 86 \u2013 juin 2023"}]},{"@type":"WebSite","@id":"https:\/\/www.daldewolf.com\/nl\/#website","url":"https:\/\/www.daldewolf.com\/nl\/","name":"DALDEWOLF","description":"Independant Law firm, Since 1958.","publisher":{"@id":"https:\/\/www.daldewolf.com\/nl\/#organization"},"potentialAction":[{"@type":"SearchAction","target":{"@type":"EntryPoint","urlTemplate":"https:\/\/www.daldewolf.com\/nl\/?s={search_term_string}"},"query-input":{"@type":"PropertyValueSpecification","valueRequired":true,"valueName":"search_term_string"}}],"inLanguage":"fr-FR"},{"@type":"Organization","@id":"https:\/\/www.daldewolf.com\/nl\/#organization","name":"DALDEWOLF","url":"https:\/\/www.daldewolf.com\/nl\/","logo":{"@type":"ImageObject","inLanguage":"fr-FR","@id":"https:\/\/www.daldewolf.com\/nl\/#\/schema\/logo\/image\/","url":"https:\/\/www.daldewolf.com\/wp-content\/uploads\/2020\/05\/Logo-Daldewolf.png","contentUrl":"https:\/\/www.daldewolf.com\/wp-content\/uploads\/2020\/05\/Logo-Daldewolf.png","width":320,"height":40,"caption":"DALDEWOLF"},"image":{"@id":"https:\/\/www.daldewolf.com\/nl\/#\/schema\/logo\/image\/"},"sameAs":["https:\/\/www.linkedin.com\/company\/10193320"]},{"@type":"Person","@id":"https:\/\/www.daldewolf.com\/nl\/#\/schema\/person\/e3f911046ea6ce16d864e88be3452d83","name":"Daldewolf-MathieuMaes","image":{"@type":"ImageObject","inLanguage":"fr-FR","@id":"https:\/\/secure.gravatar.com\/avatar\/18f233dd88ab6bb96eecae41ac8cc5e3c24977d2c37825f063d12c83acaf0f69?s=96&d=mm&r=g","url":"https:\/\/secure.gravatar.com\/avatar\/18f233dd88ab6bb96eecae41ac8cc5e3c24977d2c37825f063d12c83acaf0f69?s=96&d=mm&r=g","contentUrl":"https:\/\/secure.gravatar.com\/avatar\/18f233dd88ab6bb96eecae41ac8cc5e3c24977d2c37825f063d12c83acaf0f69?s=96&d=mm&r=g","caption":"Daldewolf-MathieuMaes"},"url":"https:\/\/www.daldewolf.com\/fr\/author\/daldewolf-mathieumaes\/"}]}},"_links":{"self":[{"href":"https:\/\/www.daldewolf.com\/fr\/wp-json\/wp\/v2\/posts\/11763","targetHints":{"allow":["GET"]}}],"collection":[{"href":"https:\/\/www.daldewolf.com\/fr\/wp-json\/wp\/v2\/posts"}],"about":[{"href":"https:\/\/www.daldewolf.com\/fr\/wp-json\/wp\/v2\/types\/post"}],"author":[{"embeddable":true,"href":"https:\/\/www.daldewolf.com\/fr\/wp-json\/wp\/v2\/users\/5"}],"replies":[{"embeddable":true,"href":"https:\/\/www.daldewolf.com\/fr\/wp-json\/wp\/v2\/comments?post=11763"}],"version-history":[{"count":0,"href":"https:\/\/www.daldewolf.com\/fr\/wp-json\/wp\/v2\/posts\/11763\/revisions"}],"wp:featuredmedia":[{"embeddable":true,"href":"https:\/\/www.daldewolf.com\/fr\/wp-json\/wp\/v2\/media\/11764"}],"wp:attachment":[{"href":"https:\/\/www.daldewolf.com\/fr\/wp-json\/wp\/v2\/media?parent=11763"}],"wp:term":[{"taxonomy":"category","embeddable":true,"href":"https:\/\/www.daldewolf.com\/fr\/wp-json\/wp\/v2\/categories?post=11763"},{"taxonomy":"post_tag","embeddable":true,"href":"https:\/\/www.daldewolf.com\/fr\/wp-json\/wp\/v2\/tags?post=11763"}],"curies":[{"name":"wp","href":"https:\/\/api.w.org\/{rel}","templated":true}]}}